{"id":37340,"date":"2024-01-09T19:22:17","date_gmt":"2024-01-09T18:22:17","guid":{"rendered":"http:\/\/centralmedia.rs\/?p=37340"},"modified":"2024-01-12T20:42:58","modified_gmt":"2024-01-12T19:42:58","slug":"srecan-rodendan-republika-srpsko-simbol-slobode-obelezava-32-godine-postojanja","status":"publish","type":"post","link":"https:\/\/centralmedia.rs\/index.php\/2024\/01\/09\/srecan-rodendan-republika-srpsko-simbol-slobode-obelezava-32-godine-postojanja\/","title":{"rendered":"Sre\u0107an ro\u0111endan Republika Srpsko! &#8220;Simbol slobode&#8221; obele\u017eava 32 godine postojanja"},"content":{"rendered":"<p>&nbsp;<\/p>\n<p>Danas je Dan Republike Srpske, koja je nastala pre 32 godine. Na Trgu Krajine u Banjaluci odr\u017ean je sve\u010dani defile, centralni doga\u0111aj obele\u017eavanja Dana Republike Srpske. U\u010destovalo je oko 3.000 pripadnika Ministarstva unutra\u0161njih poslova, javnog i civilnog sektora Republike Srpske. Svake godine sve\u010dani defile ostavio je pe\u010dat obele\u017eavanju Dana Republike, a ovogodi\u0161nji \u0107e se, zasigurno, dugo pamtiti. Sve\u010dani defile povodom Dana Republike Srpske po\u010deo je predajom raporta predsjedniku Republike Srpske Miloradu Dodiku, usledio defile, pa dron \u0161ou i koncert.<\/p>\n<p>Dodik je istakao da Republika Srpska nikom ne \u017eeli lo\u0161e i slavi svoj ro\u0111endan &#8211; 9. januar i da niko ne mo\u017ee da joj uskrati to pravo. &#8211; Republika Srpska ima sjajan narod, hvala vam svima koji ste ovdje s nama, da poka\u017eemo da smo okupljeni, da se po\u0161tujemo i volimo i da smo u miru, sabrani i da znamo \u0161ta radimo &#8211; rekao je predsjednik Srpske. On je naglasio da je Republika Srpska postigla veliki napredak za 32 godine postojanja, podsje\u0107aju da je 30.000 ljudi dalo \u017eivot za odbranu Republike.<\/p>\n<p>Republika Srpska nastala je 9. januara 1992. godine u Sarajevu kao Republika srpskog naroda u BiH, odlukom tada\u0161nje Skup\u0161tine srpskog naroda u BiH. Republika Srpska svoj prvi Ustav dobila je 28. februara 1992. godine pod nazivom Ustav Srpske Republike BiH. Republika Srpska je potvr\u0111ena Dejtonskim mirovnim sporazumom. Ustavni sud BiH je, na zahtev bo\u0161nja\u010dkog lidera Bakira Izetbegovi\u0107a, doneo presudu kojom se kao Dan Republike Srpske mora odabrati drugi datum, ali su gra\u0111ani na referendumu sa vi\u0161e od 99 odsto izglasali da 9. januar ostaje Dan Republike Srpske.<\/p>\n","protected":false},"excerpt":{"rendered":"<p>&nbsp; Danas je Dan Republike Srpske, koja je nastala pre 32 godine. Na Trgu Krajine u Banjaluci odr\u017ean je sve\u010dani defile, centralni doga\u0111aj obele\u017eavanja Dana &hellip; <\/p>\n","protected":false},"author":2,"featured_media":37341,"comment_status":"open","ping_status":"open","sticky":false,"template":"","format":"standard","meta":{"footnotes":""},"categories":[14,12],"tags":[3123,6418],"_links":{"self":[{"href":"https:\/\/centralmedia.rs\/index.php\/wp-json\/wp\/v2\/posts\/37340"}],"collection":[{"href":"https:\/\/centralmedia.rs\/index.php\/wp-json\/wp\/v2\/posts"}],"about":[{"href":"https:\/\/centralmedia.rs\/index.php\/wp-json\/wp\/v2\/types\/post"}],"author":[{"embeddable":true,"href":"https:\/\/centralmedia.rs\/index.php\/wp-json\/wp\/v2\/users\/2"}],"replies":[{"embeddable":true,"href":"https:\/\/centralmedia.rs\/index.php\/wp-json\/wp\/v2\/comments?post=37340"}],"version-history":[{"count":1,"href":"https:\/\/centralmedia.rs\/index.php\/wp-json\/wp\/v2\/posts\/37340\/revisions"}],"predecessor-version":[{"id":37342,"href":"https:\/\/centralmedia.rs\/index.php\/wp-json\/wp\/v2\/posts\/37340\/revisions\/37342"}],"wp:featuredmedia":[{"embeddable":true,"href":"https:\/\/centralmedia.rs\/index.php\/wp-json\/wp\/v2\/media\/37341"}],"wp:attachment":[{"href":"https:\/\/centralmedia.rs\/index.php\/wp-json\/wp\/v2\/media?parent=37340"}],"wp:term":[{"taxonomy":"category","embeddable":true,"href":"https:\/\/centralmedia.rs\/index.php\/wp-json\/wp\/v2\/categories?post=37340"},{"taxonomy":"post_tag","embeddable":true,"href":"https:\/\/centralmedia.rs\/index.php\/wp-json\/wp\/v2\/tags?post=37340"}],"curies":[{"name":"wp","href":"https:\/\/api.w.org\/{rel}","templated":true}]}}