{"id":3735,"date":"2016-07-13T15:59:53","date_gmt":"2016-07-13T15:59:53","guid":{"rendered":"http:\/\/centralmedia.rs\/?p=3735"},"modified":"2016-07-13T15:59:53","modified_gmt":"2016-07-13T15:59:53","slug":"vatra-u-blizini-jagodine-medunarodne-pruge","status":"publish","type":"post","link":"https:\/\/centralmedia.rs\/index.php\/2016\/07\/13\/vatra-u-blizini-jagodine-medunarodne-pruge\/","title":{"rendered":"VATRA U BLIZINI JAGODINE I ME\u0110UNARODNE PRUGE"},"content":{"rendered":"<p>JAGODINA-Vatra na njivi, povr\u0161ine oko hektara,  sa koje je tek po\u017enjevena p\u0161enica na ulazu u Jagodinu iz pravca \u0106uprije u blizini me\u0111unarodne prugu deluje prete\u0107e i upozoravaju\u0107e, jer mo\u017ee da se pro\u0161iri na druge njive pod p\u0161enicom. Vatra je najverovatnije izazvana namerno kako bi uklonili ostaci slame sa zemlje, me\u0111utim, na licu nema vlasnika njive da kontroli\u0161e i gasi vatru. Policija je  podsetila sve me\u0161tane Pomoravskih op\u0161tina da je Zakonom o za\u0161titi od po\u017eara zabranjeno paljenje vatre na otvorenom prostoru.  <div id='gallery-1' class='gallery galleryid-3735 gallery-columns-2 gallery-size-large'><figure class='gallery-item'>\n\t\t\t<div class='gallery-icon landscape'>\n\t\t\t\t<a href='https:\/\/centralmedia.rs\/index.php\/2016\/07\/13\/vatra-u-blizini-jagodine-medunarodne-pruge\/pozar-1-jagodina-g-j\/'><img loading=\"lazy\" decoding=\"async\" width=\"760\" height=\"513\" src=\"https:\/\/centralmedia.rs\/wp-content\/uploads\/2016\/07\/pozar-1-jagodina-g.j..jpg\" class=\"attachment-large size-large\" alt=\"\" srcset=\"https:\/\/centralmedia.rs\/wp-content\/uploads\/2016\/07\/pozar-1-jagodina-g.j..jpg 900w, https:\/\/centralmedia.rs\/wp-content\/uploads\/2016\/07\/pozar-1-jagodina-g.j.-300x202.jpg 300w, https:\/\/centralmedia.rs\/wp-content\/uploads\/2016\/07\/pozar-1-jagodina-g.j.-768x518.jpg 768w\" sizes=\"(max-width: 760px) 100vw, 760px\" \/><\/a>\n\t\t\t<\/div><\/figure><figure class='gallery-item'>\n\t\t\t<div class='gallery-icon landscape'>\n\t\t\t\t<a href='https:\/\/centralmedia.rs\/index.php\/2016\/07\/13\/vatra-u-blizini-jagodine-medunarodne-pruge\/pozar-2-jagodina-g-j\/'><img loading=\"lazy\" decoding=\"async\" width=\"760\" height=\"533\" src=\"https:\/\/centralmedia.rs\/wp-content\/uploads\/2016\/07\/pozar-2-jagodina-g.j..jpg\" class=\"attachment-large size-large\" alt=\"\" srcset=\"https:\/\/centralmedia.rs\/wp-content\/uploads\/2016\/07\/pozar-2-jagodina-g.j..jpg 900w, https:\/\/centralmedia.rs\/wp-content\/uploads\/2016\/07\/pozar-2-jagodina-g.j.-300x210.jpg 300w, https:\/\/centralmedia.rs\/wp-content\/uploads\/2016\/07\/pozar-2-jagodina-g.j.-768x538.jpg 768w, https:\/\/centralmedia.rs\/wp-content\/uploads\/2016\/07\/pozar-2-jagodina-g.j.-100x70.jpg 100w\" sizes=\"(max-width: 760px) 100vw, 760px\" \/><\/a>\n\t\t\t<\/div><\/figure>\n\t\t<\/div>\n<br \/>\n-Zabranjeno je spaljivanje ostataka strnih useva, spaljivanje sme\u0107a na otvorenom prostoru i spaljivanje biljnih ostataka. Tako\u0111e je zabranjeno lo\u017eenje vatre u \u0161umama, izuzev na odre\u0111enim, za to vidno obele\u017eenim mestima, saop\u0161tila je policija.<br \/>\nPomenutim Zakonom predvi\u0111ene su kaznene mere za nepo\u0161tovanje pomenutih odredbi i izazivanje po\u017eara na otvorenom prostoru i to: u iznosu  od 1.000.000,00 dinara za pravna lica, za preduzetnike 500.000,00 i od 10.000,00 do 50.000,00 dinara za fizi\u010dka lica.<\/p>\n","protected":false},"excerpt":{"rendered":"<p>JAGODINA-Vatra na njivi, povr\u0161ine oko hektara, sa koje je tek po\u017enjevena p\u0161enica na ulazu u Jagodinu iz pravca \u0106uprije u blizini me\u0111unarodne prugu deluje prete\u0107e &hellip; <\/p>\n","protected":false},"author":4,"featured_media":3736,"comment_status":"open","ping_status":"open","sticky":false,"template":"","format":"standard","meta":{"footnotes":""},"categories":[20,2],"tags":[58,971,970],"_links":{"self":[{"href":"https:\/\/centralmedia.rs\/index.php\/wp-json\/wp\/v2\/posts\/3735"}],"collection":[{"href":"https:\/\/centralmedia.rs\/index.php\/wp-json\/wp\/v2\/posts"}],"about":[{"href":"https:\/\/centralmedia.rs\/index.php\/wp-json\/wp\/v2\/types\/post"}],"author":[{"embeddable":true,"href":"https:\/\/centralmedia.rs\/index.php\/wp-json\/wp\/v2\/users\/4"}],"replies":[{"embeddable":true,"href":"https:\/\/centralmedia.rs\/index.php\/wp-json\/wp\/v2\/comments?post=3735"}],"version-history":[{"count":0,"href":"https:\/\/centralmedia.rs\/index.php\/wp-json\/wp\/v2\/posts\/3735\/revisions"}],"wp:featuredmedia":[{"embeddable":true,"href":"https:\/\/centralmedia.rs\/index.php\/wp-json\/wp\/v2\/media\/3736"}],"wp:attachment":[{"href":"https:\/\/centralmedia.rs\/index.php\/wp-json\/wp\/v2\/media?parent=3735"}],"wp:term":[{"taxonomy":"category","embeddable":true,"href":"https:\/\/centralmedia.rs\/index.php\/wp-json\/wp\/v2\/categories?post=3735"},{"taxonomy":"post_tag","embeddable":true,"href":"https:\/\/centralmedia.rs\/index.php\/wp-json\/wp\/v2\/tags?post=3735"}],"curies":[{"name":"wp","href":"https:\/\/api.w.org\/{rel}","templated":true}]}}