{"id":37366,"date":"2024-01-12T20:40:41","date_gmt":"2024-01-12T19:40:41","guid":{"rendered":"http:\/\/centralmedia.rs\/?p=37366"},"modified":"2024-01-20T22:51:32","modified_gmt":"2024-01-20T21:51:32","slug":"palma-stvorili-smo-uslove-za-decu-u-jagodini-da-nasa-deca-budu-ravnopravna-sa-decom-u-evropi-da-znaju-da-skijaju-plivaju-i-klizaju","status":"publish","type":"post","link":"https:\/\/centralmedia.rs\/index.php\/2024\/01\/12\/palma-stvorili-smo-uslove-za-decu-u-jagodini-da-nasa-deca-budu-ravnopravna-sa-decom-u-evropi-da-znaju-da-skijaju-plivaju-i-klizaju\/","title":{"rendered":"PALMA : STVORILI SMO USLOVE ZA DECU U JAGODINI DA NA\u0160A DECA BUDU RAVNOPRAVNA SA DECOM U EVROPI. DA ZNAJU DA SKIJAJU, PLIVAJU I KLIZAJU"},"content":{"rendered":"<p>&nbsp;<\/p>\n<p>U Jagodini \u0161estu godinu za redom po\u010delo da radi zimski centar sa besplatnom \u0161kolom skijanja za decu.<\/p>\n<div id='gallery-1' class='gallery galleryid-37366 gallery-columns-3 gallery-size-thumbnail'><figure class='gallery-item'>\n\t\t\t<div class='gallery-icon landscape'>\n\t\t\t\t<a href='https:\/\/centralmedia.rs\/index.php\/2024\/01\/12\/palma-stvorili-smo-uslove-za-decu-u-jagodini-da-nasa-deca-budu-ravnopravna-sa-decom-u-evropi-da-znaju-da-skijaju-plivaju-i-klizaju\/ski-staza-palma\/'><img loading=\"lazy\" decoding=\"async\" width=\"150\" height=\"150\" src=\"https:\/\/centralmedia.rs\/wp-content\/uploads\/2024\/01\/ski-staza-palma-150x150.jpg\" class=\"attachment-thumbnail size-thumbnail\" alt=\"\" \/><\/a>\n\t\t\t<\/div><\/figure><figure class='gallery-item'>\n\t\t\t<div class='gallery-icon portrait'>\n\t\t\t\t<a href='https:\/\/centralmedia.rs\/index.php\/2024\/01\/12\/palma-stvorili-smo-uslove-za-decu-u-jagodini-da-nasa-deca-budu-ravnopravna-sa-decom-u-evropi-da-znaju-da-skijaju-plivaju-i-klizaju\/ski-staza-palma2\/'><img loading=\"lazy\" decoding=\"async\" width=\"150\" height=\"150\" src=\"https:\/\/centralmedia.rs\/wp-content\/uploads\/2024\/01\/ski-staza-palma2-150x150.jpg\" class=\"attachment-thumbnail size-thumbnail\" alt=\"\" srcset=\"https:\/\/centralmedia.rs\/wp-content\/uploads\/2024\/01\/ski-staza-palma2-150x150.jpg 150w, https:\/\/centralmedia.rs\/wp-content\/uploads\/2024\/01\/ski-staza-palma2-576x580.jpg 576w\" sizes=\"(max-width: 150px) 100vw, 150px\" \/><\/a>\n\t\t\t<\/div><\/figure><figure class='gallery-item'>\n\t\t\t<div class='gallery-icon landscape'>\n\t\t\t\t<a href='https:\/\/centralmedia.rs\/index.php\/2024\/01\/12\/palma-stvorili-smo-uslove-za-decu-u-jagodini-da-nasa-deca-budu-ravnopravna-sa-decom-u-evropi-da-znaju-da-skijaju-plivaju-i-klizaju\/ski-staza-palma1\/'><img loading=\"lazy\" decoding=\"async\" width=\"150\" height=\"150\" src=\"https:\/\/centralmedia.rs\/wp-content\/uploads\/2024\/01\/ski-staza-palma1-150x150.jpg\" class=\"attachment-thumbnail size-thumbnail\" alt=\"\" \/><\/a>\n\t\t\t<\/div><\/figure>\n\t\t<\/div>\n\n<p>U jagodinskom izleti\u0161u Potok danas je po\u010deo sa radom Zimski centar sa skijali\u0161tem i sankali\u0161tem za decu, koji je na ovogodi\u0161njem po\u010detku rada obi\u0161ao i predsednik Skup\u0161tine grada Jagodine Dragan Markovi\u0107 Palma. \u201eOvo je \u0161esta godina kako u Jagodini radi zimski centar u \u010dijem sastavu je skijali\u0161te i sankali\u0161te za decu. Grad Jagodina je obezbedio Top za pravljenje ve\u0161ta\u010dkog snega, tako da kada nigde nema snega, u Jagodini ga ima. \u0160kola skijanja za decu je besplatna \u0161to podrazumeva kompletnu skija\u0161ku opremu, ski pas i instruktora skijanja. Mi smo kao grad obezbedili sve uslove da na\u0161a deca gde god da se na\u0111u u Evropi budu ravnopravna sa svom ostalom decom, a to je da znaju da skijaju, da plivaju i da klizaju.\u00a0 To zna\u010di gde god da se u Evropi na\u0111u deca iz Jagodine niko ne mo\u017ee da ka\u017ee \u201eto su seljaci iz unutra\u0161njosti Srbije\u201c, ve\u0107 imaju sve uslove kao i sva ostala deca u Evropi i bolje od mnogih. U Jagodini je prvi Akva park koji je napravljen u Srbiji gde deca u\u010de da plivaju, a postoji i zatvoreni bazeni koji je napravila jedna privatna kompanija, a Grad Jagodina \u0107e pla\u0107ati \u0161kolu plivanja za \u0161kolsku decu koja to \u017eele i da im to bude \u010das fizi\u010dkog. U Jagodini ve\u0107 18 godina radi klizali\u0161te koje je u vlasni\u0161tvu grada, a dnevna cena klizanja je 100 dinara sa kompletnom opremom. Na skijali\u0161tu u Jagodini 200 dece godi\u0161nje nau\u010di da skija. U februaru ove godine Grad Jagodina \u0107e svu decu koja su nau\u010dila da skijaju na skijali\u0161tu u Jagodini voditi tri dana na Kopaonik. Cilj nam je da se \u0161to vi\u0161e dece bavi sportom, jer sport mo\u017ee da pobedi svaki psihi\u010dki umor. Grad Jagodina \u0107e i u narednom periodu nastaviti sa prepoznatljivom politikom koja traje ve\u0107 20 godina, a\u00a0 koja glasi \u201eDeca i mladi su zakon\u201c\u201c, izjavio je Dragan Markovi\u0107 Palma.<\/p>\n","protected":false},"excerpt":{"rendered":"<p>&nbsp; U Jagodini \u0161estu godinu za redom po\u010delo da radi zimski centar sa besplatnom \u0161kolom skijanja za decu. U jagodinskom izleti\u0161u Potok danas je po\u010deo &hellip; <\/p>\n","protected":false},"author":2,"featured_media":37367,"comment_status":"open","ping_status":"open","sticky":false,"template":"","format":"standard","meta":{"footnotes":""},"categories":[1524,2,1514,21,12],"tags":[58,5066,3784],"_links":{"self":[{"href":"https:\/\/centralmedia.rs\/index.php\/wp-json\/wp\/v2\/posts\/37366"}],"collection":[{"href":"https:\/\/centralmedia.rs\/index.php\/wp-json\/wp\/v2\/posts"}],"about":[{"href":"https:\/\/centralmedia.rs\/index.php\/wp-json\/wp\/v2\/types\/post"}],"author":[{"embeddable":true,"href":"https:\/\/centralmedia.rs\/index.php\/wp-json\/wp\/v2\/users\/2"}],"replies":[{"embeddable":true,"href":"https:\/\/centralmedia.rs\/index.php\/wp-json\/wp\/v2\/comments?post=37366"}],"version-history":[{"count":1,"href":"https:\/\/centralmedia.rs\/index.php\/wp-json\/wp\/v2\/posts\/37366\/revisions"}],"predecessor-version":[{"id":37370,"href":"https:\/\/centralmedia.rs\/index.php\/wp-json\/wp\/v2\/posts\/37366\/revisions\/37370"}],"wp:featuredmedia":[{"embeddable":true,"href":"https:\/\/centralmedia.rs\/index.php\/wp-json\/wp\/v2\/media\/37367"}],"wp:attachment":[{"href":"https:\/\/centralmedia.rs\/index.php\/wp-json\/wp\/v2\/media?parent=37366"}],"wp:term":[{"taxonomy":"category","embeddable":true,"href":"https:\/\/centralmedia.rs\/index.php\/wp-json\/wp\/v2\/categories?post=37366"},{"taxonomy":"post_tag","embeddable":true,"href":"https:\/\/centralmedia.rs\/index.php\/wp-json\/wp\/v2\/tags?post=37366"}],"curies":[{"name":"wp","href":"https:\/\/api.w.org\/{rel}","templated":true}]}}