{"id":3740,"date":"2016-07-13T16:09:26","date_gmt":"2016-07-13T16:09:26","guid":{"rendered":"http:\/\/centralmedia.rs\/?p=3740"},"modified":"2017-01-20T01:36:20","modified_gmt":"2017-01-20T01:36:20","slug":"cuprija-na-plus-40","status":"publish","type":"post","link":"https:\/\/centralmedia.rs\/index.php\/2016\/07\/13\/cuprija-na-plus-40\/","title":{"rendered":"\u0106UPRIJA NA PLUS 40"},"content":{"rendered":"<p>\u0106UPRIJA-\u0106uprija je drugi dan zaredom najtopliji grad u Srbiji i na Balkanu, bar prema zvani\u010dnim merenjima RHMZ.<\/p>\n<div id='gallery-1' class='gallery galleryid-3740 gallery-columns-3 gallery-size-large'><figure class='gallery-item'>\n\t\t\t<div class='gallery-icon landscape'>\n\t\t\t\t<a href='https:\/\/centralmedia.rs\/index.php\/2016\/07\/13\/cuprija-na-plus-40\/plus-2-cuprija-g-j\/'><img loading=\"lazy\" decoding=\"async\" width=\"760\" height=\"492\" src=\"https:\/\/centralmedia.rs\/wp-content\/uploads\/2016\/07\/plus-2-cuprija-g.j..jpg\" class=\"attachment-large size-large\" alt=\"\" srcset=\"https:\/\/centralmedia.rs\/wp-content\/uploads\/2016\/07\/plus-2-cuprija-g.j..jpg 927w, https:\/\/centralmedia.rs\/wp-content\/uploads\/2016\/07\/plus-2-cuprija-g.j.-300x194.jpg 300w, https:\/\/centralmedia.rs\/wp-content\/uploads\/2016\/07\/plus-2-cuprija-g.j.-768x497.jpg 768w\" sizes=\"(max-width: 760px) 100vw, 760px\" \/><\/a>\n\t\t\t<\/div><\/figure><figure class='gallery-item'>\n\t\t\t<div class='gallery-icon landscape'>\n\t\t\t\t<a href='https:\/\/centralmedia.rs\/index.php\/2016\/07\/13\/cuprija-na-plus-40\/plus-3-cuprija-g-j\/'><img loading=\"lazy\" decoding=\"async\" width=\"760\" height=\"492\" src=\"https:\/\/centralmedia.rs\/wp-content\/uploads\/2016\/07\/plus-3-cuprija-g.j..jpg\" class=\"attachment-large size-large\" alt=\"\" srcset=\"https:\/\/centralmedia.rs\/wp-content\/uploads\/2016\/07\/plus-3-cuprija-g.j..jpg 926w, https:\/\/centralmedia.rs\/wp-content\/uploads\/2016\/07\/plus-3-cuprija-g.j.-300x194.jpg 300w, https:\/\/centralmedia.rs\/wp-content\/uploads\/2016\/07\/plus-3-cuprija-g.j.-768x498.jpg 768w\" sizes=\"(max-width: 760px) 100vw, 760px\" \/><\/a>\n\t\t\t<\/div><\/figure><figure class='gallery-item'>\n\t\t\t<div class='gallery-icon landscape'>\n\t\t\t\t<a href='https:\/\/centralmedia.rs\/index.php\/2016\/07\/13\/cuprija-na-plus-40\/plus-cuprija-g-j\/'><img loading=\"lazy\" decoding=\"async\" width=\"760\" height=\"450\" src=\"https:\/\/centralmedia.rs\/wp-content\/uploads\/2016\/07\/plus-cuprija-g.j..jpg\" class=\"attachment-large size-large\" alt=\"\" srcset=\"https:\/\/centralmedia.rs\/wp-content\/uploads\/2016\/07\/plus-cuprija-g.j..jpg 1013w, https:\/\/centralmedia.rs\/wp-content\/uploads\/2016\/07\/plus-cuprija-g.j.-300x178.jpg 300w, https:\/\/centralmedia.rs\/wp-content\/uploads\/2016\/07\/plus-cuprija-g.j.-768x455.jpg 768w\" sizes=\"(max-width: 760px) 100vw, 760px\" \/><\/a>\n\t\t\t<\/div><\/figure>\n\t\t<\/div>\n\n<p>I danas je izmereno visokih 37 stepeni u hladu, ali na asvaltu je termometar pokazivao i do 50 stepeni.<\/p>\n<div id='gallery-2' class='gallery galleryid-3740 gallery-columns-3 gallery-size-large'><figure class='gallery-item'>\n\t\t\t<div class='gallery-icon landscape'>\n\t\t\t\t<a href='https:\/\/centralmedia.rs\/index.php\/2016\/07\/13\/cuprija-na-plus-40\/plus-4-cuprija-g-j\/'><img loading=\"lazy\" decoding=\"async\" width=\"760\" height=\"461\" src=\"https:\/\/centralmedia.rs\/wp-content\/uploads\/2016\/07\/plus-4-cuprija-g.j..jpg\" class=\"attachment-large size-large\" alt=\"\" srcset=\"https:\/\/centralmedia.rs\/wp-content\/uploads\/2016\/07\/plus-4-cuprija-g.j..jpg 989w, https:\/\/centralmedia.rs\/wp-content\/uploads\/2016\/07\/plus-4-cuprija-g.j.-300x182.jpg 300w, https:\/\/centralmedia.rs\/wp-content\/uploads\/2016\/07\/plus-4-cuprija-g.j.-768x466.jpg 768w\" sizes=\"(max-width: 760px) 100vw, 760px\" \/><\/a>\n\t\t\t<\/div><\/figure><figure class='gallery-item'>\n\t\t\t<div class='gallery-icon landscape'>\n\t\t\t\t<a href='https:\/\/centralmedia.rs\/index.php\/2016\/07\/13\/cuprija-na-plus-40\/plus-7-cuprija-g-j\/'><img loading=\"lazy\" decoding=\"async\" width=\"760\" height=\"483\" src=\"https:\/\/centralmedia.rs\/wp-content\/uploads\/2016\/07\/plus-7-cuprija-g.j..jpg\" class=\"attachment-large size-large\" alt=\"\" srcset=\"https:\/\/centralmedia.rs\/wp-content\/uploads\/2016\/07\/plus-7-cuprija-g.j..jpg 945w, https:\/\/centralmedia.rs\/wp-content\/uploads\/2016\/07\/plus-7-cuprija-g.j.-300x190.jpg 300w, https:\/\/centralmedia.rs\/wp-content\/uploads\/2016\/07\/plus-7-cuprija-g.j.-768x488.jpg 768w\" sizes=\"(max-width: 760px) 100vw, 760px\" \/><\/a>\n\t\t\t<\/div><\/figure><figure class='gallery-item'>\n\t\t\t<div class='gallery-icon landscape'>\n\t\t\t\t<a href='https:\/\/centralmedia.rs\/index.php\/2016\/07\/13\/cuprija-na-plus-40\/plus-8-cuprija-g-j\/'><img loading=\"lazy\" decoding=\"async\" width=\"760\" height=\"447\" src=\"https:\/\/centralmedia.rs\/wp-content\/uploads\/2016\/07\/plus-8-cuprija-g.j..jpg\" class=\"attachment-large size-large\" alt=\"\" srcset=\"https:\/\/centralmedia.rs\/wp-content\/uploads\/2016\/07\/plus-8-cuprija-g.j..jpg 1021w, https:\/\/centralmedia.rs\/wp-content\/uploads\/2016\/07\/plus-8-cuprija-g.j.-300x176.jpg 300w, https:\/\/centralmedia.rs\/wp-content\/uploads\/2016\/07\/plus-8-cuprija-g.j.-768x451.jpg 768w\" sizes=\"(max-width: 760px) 100vw, 760px\" \/><\/a>\n\t\t\t<\/div><\/figure>\n\t\t<\/div>\n\n<p>\u0106upri\u010dani su se hladili na razne na\u010dine od mirovanja u hladovini i konzumiranja hladnih napitaka, \u0161etnje u parku, odlaska na novi gradski bazen na Slaviji od omiljene pla\u017ee na Velikoj Moravi kod mosta.<\/p>\n<div id='gallery-3' class='gallery galleryid-3740 gallery-columns-3 gallery-size-large'><figure class='gallery-item'>\n\t\t\t<div class='gallery-icon landscape'>\n\t\t\t\t<a href='https:\/\/centralmedia.rs\/index.php\/2016\/07\/13\/cuprija-na-plus-40\/plus-9-cuprija-g-j\/'><img loading=\"lazy\" decoding=\"async\" width=\"760\" height=\"449\" src=\"https:\/\/centralmedia.rs\/wp-content\/uploads\/2016\/07\/plus-9-cuprija-g.j..jpg\" class=\"attachment-large size-large\" alt=\"\" srcset=\"https:\/\/centralmedia.rs\/wp-content\/uploads\/2016\/07\/plus-9-cuprija-g.j..jpg 1016w, https:\/\/centralmedia.rs\/wp-content\/uploads\/2016\/07\/plus-9-cuprija-g.j.-300x177.jpg 300w, https:\/\/centralmedia.rs\/wp-content\/uploads\/2016\/07\/plus-9-cuprija-g.j.-768x454.jpg 768w\" sizes=\"(max-width: 760px) 100vw, 760px\" \/><\/a>\n\t\t\t<\/div><\/figure><figure class='gallery-item'>\n\t\t\t<div class='gallery-icon landscape'>\n\t\t\t\t<a href='https:\/\/centralmedia.rs\/index.php\/2016\/07\/13\/cuprija-na-plus-40\/plus-1-cuprija-g-j\/'><img loading=\"lazy\" decoding=\"async\" width=\"760\" height=\"455\" src=\"https:\/\/centralmedia.rs\/wp-content\/uploads\/2016\/07\/plus-1-cuprija-g.j..jpg\" class=\"attachment-large size-large\" alt=\"\" srcset=\"https:\/\/centralmedia.rs\/wp-content\/uploads\/2016\/07\/plus-1-cuprija-g.j..jpg 1002w, https:\/\/centralmedia.rs\/wp-content\/uploads\/2016\/07\/plus-1-cuprija-g.j.-300x180.jpg 300w, https:\/\/centralmedia.rs\/wp-content\/uploads\/2016\/07\/plus-1-cuprija-g.j.-768x460.jpg 768w\" sizes=\"(max-width: 760px) 100vw, 760px\" \/><\/a>\n\t\t\t<\/div><\/figure><figure class='gallery-item'>\n\t\t\t<div class='gallery-icon landscape'>\n\t\t\t\t<a href='https:\/\/centralmedia.rs\/index.php\/2016\/07\/13\/cuprija-na-plus-40\/plus-5-cuprija-g-j\/'><img loading=\"lazy\" decoding=\"async\" width=\"760\" height=\"518\" src=\"https:\/\/centralmedia.rs\/wp-content\/uploads\/2016\/07\/plus-5-cuprija-g.j..jpg\" class=\"attachment-large size-large\" alt=\"\" srcset=\"https:\/\/centralmedia.rs\/wp-content\/uploads\/2016\/07\/plus-5-cuprija-g.j..jpg 900w, https:\/\/centralmedia.rs\/wp-content\/uploads\/2016\/07\/plus-5-cuprija-g.j.-300x204.jpg 300w, https:\/\/centralmedia.rs\/wp-content\/uploads\/2016\/07\/plus-5-cuprija-g.j.-768x523.jpg 768w, https:\/\/centralmedia.rs\/wp-content\/uploads\/2016\/07\/plus-5-cuprija-g.j.-218x150.jpg 218w\" sizes=\"(max-width: 760px) 100vw, 760px\" \/><\/a>\n\t\t\t<\/div><\/figure>\n\t\t<\/div>\n\n<p>Oni koji su radili u kancelarijama su koristili klima ure\u0111aje, ali ako su morali ulicu nisu imali izbora, ve\u0107 morali da podnose izuzetno visoku temepraturu i iznalaze alternativne na\u010dine da se rashlade. Golubovi su u\u017eivali u vodi iz \u010desme i fontane u centru grada.<\/p>\n<p><strong><em>Pozitivni primeri Razglednica iz <\/em><\/strong><strong><em>\u0106uprije<\/em><\/strong><strong><em> \u2013 Projekat se realizuje uz pomo\u0107 sredstava iz bud\u017eeta Op\u0161tine \u0106uprija.<\/em><\/strong><\/p>\n","protected":false},"excerpt":{"rendered":"<p>\u0106UPRIJA-\u0106uprija je drugi dan zaredom najtopliji grad u Srbiji i na Balkanu, bar prema zvani\u010dnim merenjima RHMZ. I danas je izmereno visokih 37 stepeni u &hellip; <\/p>\n","protected":false},"author":4,"featured_media":3741,"comment_status":"open","ping_status":"open","sticky":false,"template":"","format":"standard","meta":{"footnotes":""},"categories":[1515,1524,2,887,16,12],"tags":[],"_links":{"self":[{"href":"https:\/\/centralmedia.rs\/index.php\/wp-json\/wp\/v2\/posts\/3740"}],"collection":[{"href":"https:\/\/centralmedia.rs\/index.php\/wp-json\/wp\/v2\/posts"}],"about":[{"href":"https:\/\/centralmedia.rs\/index.php\/wp-json\/wp\/v2\/types\/post"}],"author":[{"embeddable":true,"href":"https:\/\/centralmedia.rs\/index.php\/wp-json\/wp\/v2\/users\/4"}],"replies":[{"embeddable":true,"href":"https:\/\/centralmedia.rs\/index.php\/wp-json\/wp\/v2\/comments?post=3740"}],"version-history":[{"count":0,"href":"https:\/\/centralmedia.rs\/index.php\/wp-json\/wp\/v2\/posts\/3740\/revisions"}],"wp:featuredmedia":[{"embeddable":true,"href":"https:\/\/centralmedia.rs\/index.php\/wp-json\/wp\/v2\/media\/3741"}],"wp:attachment":[{"href":"https:\/\/centralmedia.rs\/index.php\/wp-json\/wp\/v2\/media?parent=3740"}],"wp:term":[{"taxonomy":"category","embeddable":true,"href":"https:\/\/centralmedia.rs\/index.php\/wp-json\/wp\/v2\/categories?post=3740"},{"taxonomy":"post_tag","embeddable":true,"href":"https:\/\/centralmedia.rs\/index.php\/wp-json\/wp\/v2\/tags?post=3740"}],"curies":[{"name":"wp","href":"https:\/\/api.w.org\/{rel}","templated":true}]}}