{"id":37411,"date":"2024-01-19T12:55:34","date_gmt":"2024-01-19T11:55:34","guid":{"rendered":"http:\/\/centralmedia.rs\/?p=37411"},"modified":"2024-01-22T23:38:06","modified_gmt":"2024-01-22T22:38:06","slug":"mir-bozji-bog-se-javi","status":"publish","type":"post","link":"https:\/\/centralmedia.rs\/index.php\/2024\/01\/19\/mir-bozji-bog-se-javi\/","title":{"rendered":"MIR BO\u017dJI! BOG SE JAVI!"},"content":{"rendered":"<p>&nbsp;<\/p>\n<p>JAGODINA-Nekoliko hiljada vernika SPC u Jagodini prisustvovalo je vodoosve\u0107enju u porti hrama Svetih Apostola Petra i Pavla, a predhodno je slu\u017eena Sveta liturgija povodom praznika Bogojavljanje. Tradicija je da pripadnici Sektora za vanredne situacije pomognu u vidu cisterne sa vi\u0161e hiljada litara vode na koju se sve\u0161tenik penje i osve\u0161tava je izgovaraju\u0107i ,,Bog se javi&#8221;.<\/p>\n<p><img loading=\"lazy\" decoding=\"async\" class=\"alignnone wp-image-37413 size-large\" src=\"http:\/\/centralmedia.rs\/wp-content\/uploads\/2024\/01\/bogojavljanje-jagodina-1-1024x498.jpg\" alt=\"\" width=\"640\" height=\"311\" srcset=\"https:\/\/centralmedia.rs\/wp-content\/uploads\/2024\/01\/bogojavljanje-jagodina-1-1024x498.jpg 1024w, https:\/\/centralmedia.rs\/wp-content\/uploads\/2024\/01\/bogojavljanje-jagodina-1-300x146.jpg 300w, https:\/\/centralmedia.rs\/wp-content\/uploads\/2024\/01\/bogojavljanje-jagodina-1-768x373.jpg 768w, https:\/\/centralmedia.rs\/wp-content\/uploads\/2024\/01\/bogojavljanje-jagodina-1-864x420.jpg 864w, https:\/\/centralmedia.rs\/wp-content\/uploads\/2024\/01\/bogojavljanje-jagodina-1-640x311.jpg 640w, https:\/\/centralmedia.rs\/wp-content\/uploads\/2024\/01\/bogojavljanje-jagodina-1-681x331.jpg 681w, https:\/\/centralmedia.rs\/wp-content\/uploads\/2024\/01\/bogojavljanje-jagodina-1.jpg 2016w\" sizes=\"(max-width: 640px) 100vw, 640px\" \/><\/p>\n","protected":false},"excerpt":{"rendered":"<p>&nbsp; JAGODINA-Nekoliko hiljada vernika SPC u Jagodini prisustvovalo je vodoosve\u0107enju u porti hrama Svetih Apostola Petra i Pavla, a predhodno je slu\u017eena Sveta liturgija povodom &hellip; <\/p>\n","protected":false},"author":2,"featured_media":37412,"comment_status":"open","ping_status":"open","sticky":false,"template":"","format":"standard","meta":{"footnotes":""},"categories":[14,1524,2,1514,12],"tags":[6424,58],"_links":{"self":[{"href":"https:\/\/centralmedia.rs\/index.php\/wp-json\/wp\/v2\/posts\/37411"}],"collection":[{"href":"https:\/\/centralmedia.rs\/index.php\/wp-json\/wp\/v2\/posts"}],"about":[{"href":"https:\/\/centralmedia.rs\/index.php\/wp-json\/wp\/v2\/types\/post"}],"author":[{"embeddable":true,"href":"https:\/\/centralmedia.rs\/index.php\/wp-json\/wp\/v2\/users\/2"}],"replies":[{"embeddable":true,"href":"https:\/\/centralmedia.rs\/index.php\/wp-json\/wp\/v2\/comments?post=37411"}],"version-history":[{"count":1,"href":"https:\/\/centralmedia.rs\/index.php\/wp-json\/wp\/v2\/posts\/37411\/revisions"}],"predecessor-version":[{"id":37414,"href":"https:\/\/centralmedia.rs\/index.php\/wp-json\/wp\/v2\/posts\/37411\/revisions\/37414"}],"wp:featuredmedia":[{"embeddable":true,"href":"https:\/\/centralmedia.rs\/index.php\/wp-json\/wp\/v2\/media\/37412"}],"wp:attachment":[{"href":"https:\/\/centralmedia.rs\/index.php\/wp-json\/wp\/v2\/media?parent=37411"}],"wp:term":[{"taxonomy":"category","embeddable":true,"href":"https:\/\/centralmedia.rs\/index.php\/wp-json\/wp\/v2\/categories?post=37411"},{"taxonomy":"post_tag","embeddable":true,"href":"https:\/\/centralmedia.rs\/index.php\/wp-json\/wp\/v2\/tags?post=37411"}],"curies":[{"name":"wp","href":"https:\/\/api.w.org\/{rel}","templated":true}]}}