{"id":37426,"date":"2024-01-20T22:48:04","date_gmt":"2024-01-20T21:48:04","guid":{"rendered":"http:\/\/centralmedia.rs\/?p=37426"},"modified":"2024-01-23T14:37:49","modified_gmt":"2024-01-23T13:37:49","slug":"palma-krsnu-slavu-slavimo-sa-verom-u-boga","status":"publish","type":"post","link":"https:\/\/centralmedia.rs\/index.php\/2024\/01\/20\/palma-krsnu-slavu-slavimo-sa-verom-u-boga\/","title":{"rendered":"PALMA : KRSNU SLAVU SLAVIMO SA VEROM U BOGA"},"content":{"rendered":"<p>&nbsp;<\/p>\n<p>JAGODINA-&#8221; Svima koji danas slave Svetog Jovana Krstitelja \u017eelim sre\u0107nu krsnu slavu. Porodica Markovic slavi svoju krsnu slavu sa verom u Boga i ne samo da je to tradicija, ve\u0107 je to na\u0161e ube\u0111enje i da treba da slavimo krsnu slavu i ja i moja deca, unuci i ako Bog da i praunuci. Ono \u0161to je najva\u017enije je da ne smemo da dozvolimo da ljudima, koji su godinama i decenijama slavili svoje krsne slave, da im neko to zaustavi i da nam menjaju identitet. To Srbija i pravoslavni narod nikada ne\u0107e dozvoliti. Sre\u0107na slava onima koji slave danas, a lepo se provedite vi koji idete na slavu kod va\u0161ih ro\u0111aka i prijatelja&#8221;, izjavio je Dragan Markovic Palmu u hramu Svetog Jovana Krstitelja u Koncarevu, \u010diji je ktitor porodica Markovic. Cela 11- \u010dlana porodica Markovic danas je bila u crkvi na se\u010denju slavskog kola\u010da.<\/p>\n<p><img loading=\"lazy\" decoding=\"async\" class=\"alignnone wp-image-37428 size-large\" src=\"http:\/\/centralmedia.rs\/wp-content\/uploads\/2024\/01\/SVETI-JOVAN-1024x768.jpg\" alt=\"\" width=\"640\" height=\"480\" srcset=\"https:\/\/centralmedia.rs\/wp-content\/uploads\/2024\/01\/SVETI-JOVAN-1024x768.jpg 1024w, https:\/\/centralmedia.rs\/wp-content\/uploads\/2024\/01\/SVETI-JOVAN-300x225.jpg 300w, https:\/\/centralmedia.rs\/wp-content\/uploads\/2024\/01\/SVETI-JOVAN-768x576.jpg 768w, https:\/\/centralmedia.rs\/wp-content\/uploads\/2024\/01\/SVETI-JOVAN-560x420.jpg 560w, https:\/\/centralmedia.rs\/wp-content\/uploads\/2024\/01\/SVETI-JOVAN-80x60.jpg 80w, https:\/\/centralmedia.rs\/wp-content\/uploads\/2024\/01\/SVETI-JOVAN-100x75.jpg 100w, https:\/\/centralmedia.rs\/wp-content\/uploads\/2024\/01\/SVETI-JOVAN-180x135.jpg 180w, https:\/\/centralmedia.rs\/wp-content\/uploads\/2024\/01\/SVETI-JOVAN-238x178.jpg 238w, https:\/\/centralmedia.rs\/wp-content\/uploads\/2024\/01\/SVETI-JOVAN-640x480.jpg 640w, https:\/\/centralmedia.rs\/wp-content\/uploads\/2024\/01\/SVETI-JOVAN-681x511.jpg 681w, https:\/\/centralmedia.rs\/wp-content\/uploads\/2024\/01\/SVETI-JOVAN.jpg 1600w\" sizes=\"(max-width: 640px) 100vw, 640px\" \/><\/p>\n","protected":false},"excerpt":{"rendered":"<p>&nbsp; JAGODINA-&#8221; Svima koji danas slave Svetog Jovana Krstitelja \u017eelim sre\u0107nu krsnu slavu. Porodica Markovic slavi svoju krsnu slavu sa verom u Boga i ne &hellip; <\/p>\n","protected":false},"author":2,"featured_media":37427,"comment_status":"open","ping_status":"open","sticky":false,"template":"","format":"standard","meta":{"footnotes":""},"categories":[14,1524,2,1514,12],"tags":[120,939],"_links":{"self":[{"href":"https:\/\/centralmedia.rs\/index.php\/wp-json\/wp\/v2\/posts\/37426"}],"collection":[{"href":"https:\/\/centralmedia.rs\/index.php\/wp-json\/wp\/v2\/posts"}],"about":[{"href":"https:\/\/centralmedia.rs\/index.php\/wp-json\/wp\/v2\/types\/post"}],"author":[{"embeddable":true,"href":"https:\/\/centralmedia.rs\/index.php\/wp-json\/wp\/v2\/users\/2"}],"replies":[{"embeddable":true,"href":"https:\/\/centralmedia.rs\/index.php\/wp-json\/wp\/v2\/comments?post=37426"}],"version-history":[{"count":1,"href":"https:\/\/centralmedia.rs\/index.php\/wp-json\/wp\/v2\/posts\/37426\/revisions"}],"predecessor-version":[{"id":37429,"href":"https:\/\/centralmedia.rs\/index.php\/wp-json\/wp\/v2\/posts\/37426\/revisions\/37429"}],"wp:featuredmedia":[{"embeddable":true,"href":"https:\/\/centralmedia.rs\/index.php\/wp-json\/wp\/v2\/media\/37427"}],"wp:attachment":[{"href":"https:\/\/centralmedia.rs\/index.php\/wp-json\/wp\/v2\/media?parent=37426"}],"wp:term":[{"taxonomy":"category","embeddable":true,"href":"https:\/\/centralmedia.rs\/index.php\/wp-json\/wp\/v2\/categories?post=37426"},{"taxonomy":"post_tag","embeddable":true,"href":"https:\/\/centralmedia.rs\/index.php\/wp-json\/wp\/v2\/tags?post=37426"}],"curies":[{"name":"wp","href":"https:\/\/api.w.org\/{rel}","templated":true}]}}