{"id":37444,"date":"2024-01-23T14:23:33","date_gmt":"2024-01-23T13:23:33","guid":{"rendered":"http:\/\/centralmedia.rs\/?p=37444"},"modified":"2024-01-29T11:55:54","modified_gmt":"2024-01-29T10:55:54","slug":"palma-izbori-u-srbiji-su-bili-posteni-ko-gubi-ima-pravo-da-se-ljuti-ali-nema-pravo-kao-opozicija-da-laze-ceo-svet","status":"publish","type":"post","link":"https:\/\/centralmedia.rs\/index.php\/2024\/01\/23\/palma-izbori-u-srbiji-su-bili-posteni-ko-gubi-ima-pravo-da-se-ljuti-ali-nema-pravo-kao-opozicija-da-laze-ceo-svet\/","title":{"rendered":"PALMA : IZBORI U SRBIJI SU BILI PO\u0160TENI, KO GUBI IMA PRAVO DA SE LJUTI, ALI NEMA PRAVO KAO OPOZICIJA DA LA\u017dE CEO SVET"},"content":{"rendered":"<p>&nbsp;<\/p>\n<p>\u201eKada nemate \u0161ta da pri\u010date i kada ne znate, kao opozicija u Srbiji, \u0161ta vam je program, onda vam uvek ne\u0161to smeta i neko drugi vam je kriv. Kao u fudbalu, kada neko izgubi kriv mu je sudija. Ja sam ceo \u017eivot u sportu i kada moj takmi\u010dar izgubi nije mu kriv sudija, nego spremaj se za narednu borbu i probaj da pobedi\u0161. Izbori u Srbiji su bili po\u0161teni, onaj ko gubi ima pravo da se ljuti, ali nema pravo da la\u017ee ceo cvet i pi\u0161e pisma u inostranstvo kako su izbori pokradeni. To je la\u017e. Me\u0111utim, zbog tih njihovih la\u017ei, neko bi mogao da ka\u017ee da je u Srbiji nestabilna situacija i da se zaustave investitori i ulaganja u na\u0161oj zemlji i otvaranje novih radnih mesta. Ali ta njihova pri\u010da je provaljena. Ja sam dugo u politici, ali ovako ne\u0161to nije vi\u0111eno. Nije ovo ni lex specijalis 1997. ni 2000. godina. Ovo je klasi\u010dna borba opozicije za vlast. Tih deset opzicionih lidera su svi za\u0161li iz jedne stranke. A ve\u0107 su bili na vlasti i nafatirali se. I sad taj koji se nafatirao \u0110ilas, ho\u0107e ponovo da puni svoje d\u017eakove preko nezadovoljnih gra\u0111ana\u201c, izjavio je predsednik Jedinstvene Srbije Dragan Markovi\u0107 Palma gostuju\u0107i na TV Informer. \u201eJa sam siguran da dr\u017eava Srbija ne\u0107e dozvoliti da se lomi, kr\u0161i, da se tuku ljudi, kao \u0161to su do sada radili ovi iz opozicije. Setite se da je njih \u010detvoro blokiralo autoput u Beogradu. Gde to ima ? I tih \u010detvoro sa srpskom zastavom. Sram vas bre bilo, brukate Srbiju. Izbori su bili po\u0161teni, u februaru \u0107e, kao \u0161to je rekao predsednik Vu\u010di\u0107, biti konstituisana Skup\u0161tina Srbije, u martu Vlada Srbije i to je narodna volja.\u201c, istakao je Markovi\u0107.<\/p>\n<p>SIGURAN SAM DA \u0106E DEO OPOZICIONIH ODBORNIKA U BEOGRADU NAPUSTITI TE LISTE<\/p>\n<p>\u201eSiguran sam da \u0107e deo opozciionih odbornika , koji su bli na listama za izbore za Skup\u0161tinu grada Beograda, napustiti te liste i te partije, kada su videli \u0161ta se radi, jer su bili u zabludi. Svi vide da je pri\u010da o izbornoj kra\u0111i i fantomskim bira\u010dima la\u017e. Ti iz opozicije kada su izbrojali glasove i videli da ne mogu da formiraju vlast krenuli su u tu la\u017enu pri\u010du. Kada deo tih njihovh odbornika napusti te liste i te njihove partije, to nije zlouptreba narodne volje. \u010covek ima pravo da bude u zabludi, ali sada i gra\u0111ani Beograda kada vide \u0161ta rade ovi iz opozicije ka\u017eu \u201ejel to budu\u0107nost, jel to bolje sutra\u201c. I siguran sam da \u0107e deo tih opozcionih odbornika podr\u017eati razvoj Beograda, kao i EXPO 2027.\u201c, ocenio je predsednik Jedinstvene Srbije.<\/p>\n","protected":false},"excerpt":{"rendered":"<p>&nbsp; \u201eKada nemate \u0161ta da pri\u010date i kada ne znate, kao opozicija u Srbiji, \u0161ta vam je program, onda vam uvek ne\u0161to smeta i neko &hellip; <\/p>\n","protected":false},"author":2,"featured_media":37445,"comment_status":"open","ping_status":"open","sticky":false,"template":"","format":"standard","meta":{"footnotes":""},"categories":[1524,2,1514,13,12],"tags":[120,6426],"_links":{"self":[{"href":"https:\/\/centralmedia.rs\/index.php\/wp-json\/wp\/v2\/posts\/37444"}],"collection":[{"href":"https:\/\/centralmedia.rs\/index.php\/wp-json\/wp\/v2\/posts"}],"about":[{"href":"https:\/\/centralmedia.rs\/index.php\/wp-json\/wp\/v2\/types\/post"}],"author":[{"embeddable":true,"href":"https:\/\/centralmedia.rs\/index.php\/wp-json\/wp\/v2\/users\/2"}],"replies":[{"embeddable":true,"href":"https:\/\/centralmedia.rs\/index.php\/wp-json\/wp\/v2\/comments?post=37444"}],"version-history":[{"count":1,"href":"https:\/\/centralmedia.rs\/index.php\/wp-json\/wp\/v2\/posts\/37444\/revisions"}],"predecessor-version":[{"id":37446,"href":"https:\/\/centralmedia.rs\/index.php\/wp-json\/wp\/v2\/posts\/37444\/revisions\/37446"}],"wp:featuredmedia":[{"embeddable":true,"href":"https:\/\/centralmedia.rs\/index.php\/wp-json\/wp\/v2\/media\/37445"}],"wp:attachment":[{"href":"https:\/\/centralmedia.rs\/index.php\/wp-json\/wp\/v2\/media?parent=37444"}],"wp:term":[{"taxonomy":"category","embeddable":true,"href":"https:\/\/centralmedia.rs\/index.php\/wp-json\/wp\/v2\/categories?post=37444"},{"taxonomy":"post_tag","embeddable":true,"href":"https:\/\/centralmedia.rs\/index.php\/wp-json\/wp\/v2\/tags?post=37444"}],"curies":[{"name":"wp","href":"https:\/\/api.w.org\/{rel}","templated":true}]}}