{"id":37520,"date":"2024-01-29T11:15:16","date_gmt":"2024-01-29T10:15:16","guid":{"rendered":"http:\/\/centralmedia.rs\/?p=37520"},"modified":"2024-02-02T14:26:32","modified_gmt":"2024-02-02T13:26:32","slug":"pomoravski-prosvetitelj-svetosavska-nagrada-2023-akademiji-filipovic","status":"publish","type":"post","link":"https:\/\/centralmedia.rs\/index.php\/2024\/01\/29\/pomoravski-prosvetitelj-svetosavska-nagrada-2023-akademiji-filipovic\/","title":{"rendered":"POMORAVSKI PROSVETITELJ &#8211; SVETOSAVSKA NAGRADA 2023. AKADEMIJI FILIPOVI\u0106"},"content":{"rendered":"<p>&nbsp;<\/p>\n<p>Ministarka prosvete prof. dr\u00a0Slavica \u0110uki\u0107 Dejanovi\u0107 uru\u010dila je u Vladi Srbije Svetosavske nagrade za 2023. godinu istaknutim pojedincima i predstavnicima institucija i \u010destitala im na tom priznanju. Me\u0111u angra\u0111aenicam iz Pomoravslkog okruga su Akademija Filipovi\u0107 DOO iz Jagodine i Vasilisa Milojkovi\u0107, u\u010denica 8. razreda, Osnovna \u0161kola ,,Vuk Karad\u017ei\u0107\u201c iz \u0106uprije.<\/p>\n<div id='gallery-1' class='gallery galleryid-37520 gallery-columns-3 gallery-size-thumbnail'><figure class='gallery-item'>\n\t\t\t<div class='gallery-icon landscape'>\n\t\t\t\t<a href='https:\/\/centralmedia.rs\/index.php\/2024\/01\/29\/pomoravski-prosvetitelj-svetosavska-nagrada-2023-akademiji-filipovic\/stetosavska-nagrada-1-2\/'><img loading=\"lazy\" decoding=\"async\" width=\"150\" height=\"150\" src=\"https:\/\/centralmedia.rs\/wp-content\/uploads\/2024\/01\/stetosavska-nagrada-1-2-150x150.png\" class=\"attachment-thumbnail size-thumbnail\" alt=\"\" \/><\/a>\n\t\t\t<\/div><\/figure><figure class='gallery-item'>\n\t\t\t<div class='gallery-icon landscape'>\n\t\t\t\t<a href='https:\/\/centralmedia.rs\/index.php\/2024\/01\/29\/pomoravski-prosvetitelj-svetosavska-nagrada-2023-akademiji-filipovic\/svetosavska-nagrada\/'><img loading=\"lazy\" decoding=\"async\" width=\"150\" height=\"150\" src=\"https:\/\/centralmedia.rs\/wp-content\/uploads\/2024\/01\/svetosavska-nagrada-150x150.jpg\" class=\"attachment-thumbnail size-thumbnail\" alt=\"\" \/><\/a>\n\t\t\t<\/div><\/figure><figure class='gallery-item'>\n\t\t\t<div class='gallery-icon landscape'>\n\t\t\t\t<a href='https:\/\/centralmedia.rs\/index.php\/2024\/01\/29\/pomoravski-prosvetitelj-svetosavska-nagrada-2023-akademiji-filipovic\/stetosavska-nagrada-1-1\/'><img loading=\"lazy\" decoding=\"async\" width=\"150\" height=\"150\" src=\"https:\/\/centralmedia.rs\/wp-content\/uploads\/2024\/01\/stetosavska-nagrada-1-1-150x150.png\" class=\"attachment-thumbnail size-thumbnail\" alt=\"\" \/><\/a>\n\t\t\t<\/div><\/figure>\n\t\t<\/div>\n\n<p>U obrazlo\u017eenju dodeljenih nagrada stoji<\/p>\n<p>Akademija Filipovi\u0107 DOO, Jagodina<\/p>\n<p>Za izuzetan doprinos pove\u0107anju ulaganja u obrazovanje i rezultate u sistemu stalnog stru\u010dnog usavr\u0161avanja.Akademija Filipovi\u0107 DOO je organizacija koja se od 2003. godine bavi neformalnim obrazovanjem zaposlenih u ustanovama obrazovanja i vaspitanja.Do sada je samostalno ili sa partnerima akreditovala 73 seminara za stru\u010dno usavr\u0161avanje zaposlenih u obrazovanju, 11 konferencija i niz tribina koje je poha\u0111alo vi\u0161e od 80.000 polaznika.Naro\u010dito se isti\u010de doprinos ove organizacije u razvijanju veb platforme \u201e\u0160kolski informacioni sistem\u201d, koji koristi veliki broj ustanova obrazovanja i vaspitanja, i to ne samo u na\u0161oj zemlji, ve\u0107 i u regionu. Ovaj inovativni sistem olak\u0161ava ustanovama rukovo\u0111enje i izradu niza \u0161kolskih izve\u0161taja i druge prate\u0107e dokumentacije.Doprinos sistemu obrazovanja Akademija Filipovi\u0107 DOO iz Jagodine dala je i kroz veb aplikaciju E-portfolio nastavnika, u\u010denika i direktora, koja predstavlja novi alat u domenu dokumentovanja, analize i vrednovanja rada u ustanovama obrazovanja i vaspitanja. Podr\u0161kom zaposlenima iz sistema obrazovanja u nastojanjima da obrazovanje prati savremene trendove i inovativnost u nastavi, kao i celo\u017eivotno u\u010denje, ova organizacija isti\u010de se kao jedna od va\u017enih partnera u obrazovanju.<\/p>\n<p>Vasilisa Milojkovi\u0107, u\u010denica 8. razreda, Osnovna \u0161kola ,,Vuk Karad\u017ei\u0107\u201c, \u0106uprija<\/p>\n<p>Za svestranost i osvojene nagrade iz oblasti prirodnih, dru\u0161tvenih nauka i umetnosti. Vasilisa se, osim visokih postignu\u0107a u oblasti istorije, tehnike i tehnologije, knji\u017eevnosti, isti\u010de i brojnim talentima i\u00a0 interesovanjima. Poha\u0111a i Muzi\u010dku \u0161kolu ,,Du\u0161an Skovran\u201c. Dobitnica je dr\u017eavnih nagrada: prve nagrade na takmi\u010denju iz tehnike i tehnologije; tre\u0107e nagrade na takmi\u010denju Knji\u017eevna olimpijada; prve nagrade na takmi\u010denju iz istorije; tre\u0107e nagrade na takmi\u010denju iz geografije. U\u010destvovala je na vi\u0161e od 20 op\u0161tinskih i okru\u017enih takmi\u010denja iz razli\u010ditih oblasti i dobitnica je brojnih priznanja na razli\u010ditim literarnim konkursima. Poha\u0111ala je programe IS Petnica i De\u010dije knji\u017eevne kolonije. Pi\u0161e pesme i stvara svoje prve romane. U\u010desnica je mnogih vannastavnih aktivnosti koje realizuje lokalna zajednica, razli\u010dite organizacije i savezi. U slobodno vreme bavi se plivanjem, glumom i\u00a0 jahanjem. Pokazuje empatiju prema drugima.<\/p>\n","protected":false},"excerpt":{"rendered":"<p>&nbsp; Ministarka prosvete prof. dr\u00a0Slavica \u0110uki\u0107 Dejanovi\u0107 uru\u010dila je u Vladi Srbije Svetosavske nagrade za 2023. godinu istaknutim pojedincima i predstavnicima institucija i \u010destitala im &hellip; <\/p>\n","protected":false},"author":2,"featured_media":37521,"comment_status":"open","ping_status":"open","sticky":false,"template":"","format":"standard","meta":{"footnotes":""},"categories":[1515,14,1524,2,1514,12],"tags":[6433,2597,6434],"_links":{"self":[{"href":"https:\/\/centralmedia.rs\/index.php\/wp-json\/wp\/v2\/posts\/37520"}],"collection":[{"href":"https:\/\/centralmedia.rs\/index.php\/wp-json\/wp\/v2\/posts"}],"about":[{"href":"https:\/\/centralmedia.rs\/index.php\/wp-json\/wp\/v2\/types\/post"}],"author":[{"embeddable":true,"href":"https:\/\/centralmedia.rs\/index.php\/wp-json\/wp\/v2\/users\/2"}],"replies":[{"embeddable":true,"href":"https:\/\/centralmedia.rs\/index.php\/wp-json\/wp\/v2\/comments?post=37520"}],"version-history":[{"count":1,"href":"https:\/\/centralmedia.rs\/index.php\/wp-json\/wp\/v2\/posts\/37520\/revisions"}],"predecessor-version":[{"id":37524,"href":"https:\/\/centralmedia.rs\/index.php\/wp-json\/wp\/v2\/posts\/37520\/revisions\/37524"}],"wp:featuredmedia":[{"embeddable":true,"href":"https:\/\/centralmedia.rs\/index.php\/wp-json\/wp\/v2\/media\/37521"}],"wp:attachment":[{"href":"https:\/\/centralmedia.rs\/index.php\/wp-json\/wp\/v2\/media?parent=37520"}],"wp:term":[{"taxonomy":"category","embeddable":true,"href":"https:\/\/centralmedia.rs\/index.php\/wp-json\/wp\/v2\/categories?post=37520"},{"taxonomy":"post_tag","embeddable":true,"href":"https:\/\/centralmedia.rs\/index.php\/wp-json\/wp\/v2\/tags?post=37520"}],"curies":[{"name":"wp","href":"https:\/\/api.w.org\/{rel}","templated":true}]}}