{"id":37540,"date":"2024-01-30T00:01:31","date_gmt":"2024-01-29T23:01:31","guid":{"rendered":"http:\/\/centralmedia.rs\/?p=37540"},"modified":"2024-02-02T14:27:04","modified_gmt":"2024-02-02T13:27:04","slug":"svecana-svetosavska-akademija-u-svilajncu","status":"publish","type":"post","link":"https:\/\/centralmedia.rs\/index.php\/2024\/01\/30\/svecana-svetosavska-akademija-u-svilajncu\/","title":{"rendered":"SVE\u010cANA SVETOSAVSKA AKADEMIJA U SVILAJNCU"},"content":{"rendered":"<p>&nbsp;<\/p>\n<p>SVILAJNAC- Svetosavska akademija, koja se svake godine odr\u017eava u slavu velikog srpskog praznika Savindana, odr\u017eana je sino\u0107 u Centru za kulturu Svilajnac.<\/p>\n<p>Op\u0161tina Svilajnac tradicionlno obele\u017eava i slavi ima Svetog Save, koje je nepresu\u0161ni izvor inspiracije, podr\u0161ke, utehe i ponosa na svakom polju na\u0161e delatnosti, a pre svega u prosveti, obrazovanju i kulturi.<\/p>\n<p>Predsednik Skup\u0161tine op\u0161tine Svilajnac dr Darko Jevti\u0107 \u010destitao je slavu prosvetnim radnicima i u\u010denicima, podsetio na projekte koje je op\u0161tina radila i radi u oblasti obrazovanja, kao i na nagrade i podr\u0161ku najboljim u\u010denicima i prosvetnim radnicima.<\/p>\n<p>Svetosavske zahvalnice uru\u010dene su ovogodi\u0161njim dobitnicima, koji su od op\u0161tine Svilajnac, osim priznanja, dobili i poklon \u010destitku u iznosu od 10.000 dinara. Svetosavsku zahvalnicu, kao priznanje ustanovljeno sa idejom da nagradi rezultate pojedinaca, ali ih podstakne i na dalji rad i trud, ove godine dobili su:<\/p>\n<p>Zoran Radojevi\u0107, vaspita\u010d u Poljoprivredno \u2013 veterinarskoj \u0161koli sa domom u\u010denika \u201eSvilajanac\u201c<\/p>\n<p>Verica Petrovi\u0107 profesor je engleskog jezika u Srednjoj \u0161koli \u201eSvilajnac\u201c.<\/p>\n<p>Biljana Golubovi\u0107 nastavnik tehnike i informatike u Osnovnoj \u0161koli \u201eJovan Jovanovi\u0107 Zmaj\u201c u Svilajncu.<\/p>\n<p>Sandra Pe\u0161i\u0107, nastavnica biologije U O\u0160 \u201e Vo\u017ed Kara\u0111or\u0111e\u201d<\/p>\n<p>Sne\u017eana Todorovi\u0107, profesorka matematike u O\u0160 &#8221;Branko Radi\u010devi\u0107&#8221;\u00a0 Sedlare.<\/p>\n<p>Sne\u017eana Jeli\u0107 Radisavljevi\u0107, nastavnik likovne kulture u Osnovnoj \u0161koli \u201eStevan Sin\u0111eli\u0107\u201d u Vojski<\/p>\n<p>Markovi\u0107 Nadica vaspita\u010d u\u00a0 Pred\u0161kolskoj ustanovi \u201eDe\u010dja radost\u201c u Svilajncu<\/p>\n<p>Vesna Sr\u0111evi\u0107, medicinska sestra-vaspita\u010d u Pred\u0161kolskoj ustanovi \u201eDe\u010dja radost\u201c u Svilajncu.<\/p>\n<p>Lenkica Vlajni\u0107, u\u010denica \u010detvrtog razreda Poljoprivredno-veterinarske \u0161kole sa domom u\u010denika \u201eSvilajnac\u201c, smer veterinarski tehni\u010dar,<\/p>\n<p>Ivana Radisavljevi\u0107 u\u010denica \u010detvrtog razreda gimnazije op\u0161teg tipa u Srednjoj \u0161koli \u201eSvilajnac\u201c.<\/p>\n<p>Najbolji u\u010denici srednjih \u0161kola iz Svilajnca dobili su na poklon i po laptop od kompanije \u201eVisan\u201c.<\/p>\n<p>Ovogodi\u0161nju Svetosavsku akademiju svojim nastupima upotpunili su Hor Osnovne \u0161kole \u201eJovan Jovanovi\u0107 Zmaj\u201c, u\u010denice Srednje \u0161kole Svilajnac, u\u010denice Poljoprivredno veterinarske \u0161kole sa domom u\u010denika, u\u010denica Osnovne \u0161kole \u201eStevan Sin\u0111eli\u0107\u201c iz Vojske, u\u010denica Osnovne \u0161kole \u201eBranko Radi\u010devi\u0107\u201c iz Sedlara, u\u010denici Osnovne \u0161kole \u201eVo\u017ed Kara\u0111or\u0111e\u201c iz Ku\u0161iljeva, etno grupa muzi\u010dke \u0161kole \u201eSveta Anastasija\u201c, de\u010diji ansabl KUD-a \u201eKu\u0161iljevo\u201c i hor Pred\u0161kolske ustanove \u201eDe\u010dja radost\u201c iz Svilajnca.<\/p>\n","protected":false},"excerpt":{"rendered":"<p>&nbsp; SVILAJNAC- Svetosavska akademija, koja se svake godine odr\u017eava u slavu velikog srpskog praznika Savindana, odr\u017eana je sino\u0107 u Centru za kulturu Svilajnac. Op\u0161tina Svilajnac &hellip; <\/p>\n","protected":false},"author":2,"featured_media":37541,"comment_status":"open","ping_status":"open","sticky":false,"template":"","format":"standard","meta":{"footnotes":""},"categories":[14,1524,12,1517],"tags":[501,38],"_links":{"self":[{"href":"https:\/\/centralmedia.rs\/index.php\/wp-json\/wp\/v2\/posts\/37540"}],"collection":[{"href":"https:\/\/centralmedia.rs\/index.php\/wp-json\/wp\/v2\/posts"}],"about":[{"href":"https:\/\/centralmedia.rs\/index.php\/wp-json\/wp\/v2\/types\/post"}],"author":[{"embeddable":true,"href":"https:\/\/centralmedia.rs\/index.php\/wp-json\/wp\/v2\/users\/2"}],"replies":[{"embeddable":true,"href":"https:\/\/centralmedia.rs\/index.php\/wp-json\/wp\/v2\/comments?post=37540"}],"version-history":[{"count":1,"href":"https:\/\/centralmedia.rs\/index.php\/wp-json\/wp\/v2\/posts\/37540\/revisions"}],"predecessor-version":[{"id":37542,"href":"https:\/\/centralmedia.rs\/index.php\/wp-json\/wp\/v2\/posts\/37540\/revisions\/37542"}],"wp:featuredmedia":[{"embeddable":true,"href":"https:\/\/centralmedia.rs\/index.php\/wp-json\/wp\/v2\/media\/37541"}],"wp:attachment":[{"href":"https:\/\/centralmedia.rs\/index.php\/wp-json\/wp\/v2\/media?parent=37540"}],"wp:term":[{"taxonomy":"category","embeddable":true,"href":"https:\/\/centralmedia.rs\/index.php\/wp-json\/wp\/v2\/categories?post=37540"},{"taxonomy":"post_tag","embeddable":true,"href":"https:\/\/centralmedia.rs\/index.php\/wp-json\/wp\/v2\/tags?post=37540"}],"curies":[{"name":"wp","href":"https:\/\/api.w.org\/{rel}","templated":true}]}}