{"id":37543,"date":"2024-01-30T00:03:29","date_gmt":"2024-01-29T23:03:29","guid":{"rendered":"http:\/\/centralmedia.rs\/?p=37543"},"modified":"2024-02-02T14:27:13","modified_gmt":"2024-02-02T13:27:13","slug":"svetosavska-akademija-u-despotovcu","status":"publish","type":"post","link":"https:\/\/centralmedia.rs\/index.php\/2024\/01\/30\/svetosavska-akademija-u-despotovcu\/","title":{"rendered":"SVETOSAVSKA AKADEMIJA U DESPOTOVCU"},"content":{"rendered":"<p>&nbsp;<\/p>\n<p>DESPOTOVAC- U sali Centra za kulturu u Despotovcu odr\u017eana je Svetosavska akademija koju Op\u0161tina Despotovac tradicionalno organizuje svake godine. Kao i od sada i ovogodi\u0161nja Svetosavska akademija je bila oboga\u0107ena dodelom zaslu\u017eenih nagrada najistaknutijim u\u010denicima i nastavnicima svih \u0161kola op\u0161tine Despotovac.<\/p>\n<div id='gallery-1' class='gallery galleryid-37543 gallery-columns-3 gallery-size-thumbnail'><figure class='gallery-item'>\n\t\t\t<div class='gallery-icon landscape'>\n\t\t\t\t<a href='https:\/\/centralmedia.rs\/index.php\/2024\/01\/30\/svetosavska-akademija-u-despotovcu\/svetosavska-akademija1\/'><img loading=\"lazy\" decoding=\"async\" width=\"150\" height=\"150\" src=\"https:\/\/centralmedia.rs\/wp-content\/uploads\/2024\/01\/svetosavska-akademija1-150x150.jpg\" class=\"attachment-thumbnail size-thumbnail\" alt=\"\" \/><\/a>\n\t\t\t<\/div><\/figure><figure class='gallery-item'>\n\t\t\t<div class='gallery-icon landscape'>\n\t\t\t\t<a href='https:\/\/centralmedia.rs\/index.php\/2024\/01\/30\/svetosavska-akademija-u-despotovcu\/svetosavska-akademija2\/'><img loading=\"lazy\" decoding=\"async\" width=\"150\" height=\"150\" src=\"https:\/\/centralmedia.rs\/wp-content\/uploads\/2024\/01\/svetosavska-akademija2-150x150.jpg\" class=\"attachment-thumbnail size-thumbnail\" alt=\"\" \/><\/a>\n\t\t\t<\/div><\/figure><figure class='gallery-item'>\n\t\t\t<div class='gallery-icon landscape'>\n\t\t\t\t<a href='https:\/\/centralmedia.rs\/index.php\/2024\/01\/30\/svetosavska-akademija-u-despotovcu\/svetosavska-akademija3\/'><img loading=\"lazy\" decoding=\"async\" width=\"150\" height=\"150\" src=\"https:\/\/centralmedia.rs\/wp-content\/uploads\/2024\/01\/svetosavska-akademija3-150x150.jpg\" class=\"attachment-thumbnail size-thumbnail\" alt=\"\" \/><\/a>\n\t\t\t<\/div><\/figure>\n\t\t<\/div>\n\n<p>Program je zapo\u010det Svetosavskom himnom, nakon \u010dega se prisutnima obratio zamenik predsednika Op\u0161tine Despotovac, Nemanja Radovanovi\u0107, koji je u\u010denicima i nastavnicima dodelio pohvalnice za postignute rezultate na takmi\u010denjima u prethodnoj \u0161kolskoj godini. Nakon dodele nagrada prire\u0111en je prikladan program gde su u\u010denici svih \u0161kola pripremili raznolike izvedbe, od recitacija, pesama do tradicionalnih folklornih igara.<\/p>\n<p>Osim pohvalnica Op\u0161tina Despotovac je dodelila i nov\u010dane nagrade, za prvo mesto na republi\u010dkim takmi\u010denjima u svim oblastima i disciplinama koja su uvr\u0161tena u kalendar \u0161kolskih takmi\u010denja Ministarstva prosvete, 15 hiljada, za drugo 14, a za tre\u0107e 13 hiljada dinara. Za prvo mesto na okru\u017enim takmi\u010denjima u\u010denici su dobili 12 hiljada, za drugo 11, a za tre\u0107e 10 hiljada dinara. Nagrada za najbolji plasman u jednom takmi\u010denju je uve\u0107ana za tri, dve i jednu hiljadu dinara po svakom drugom predmetnom takmi\u010denju i sportskoj disciplini. Profesori mentori su dobili nov\u010danu nagradu u iznosu od 12 hiljada dinara.<\/p>\n<p>Ovogodi\u0161nja Svetosavska akademija je ostavila utisak, ne samo kao proslava velikog srpskog prosvetitelja, ve\u0107 i kao prilika da se istaknu i nagrade izuzetni u\u010denici i nastavnici, \u010dime se podsti\u010de motivacija za dalje uspehe i rad u oblasti obrazovanja.<\/p>\n<p>OBELE\u017dENA \u0160KOLSKA SLAVA SVETI SAVA U \u0160KOLAMA OP\u0160TINE DESPOTOVAC<\/p>\n<p>Dan Svetog Save, 27. januar, obele\u017een je kao dan najve\u0107eg srpskog prosvetitelja u svim \u0161kolama op\u0161tine Despotovac. U Osnovnoj \u0161koli \u201eDespot Stefan Visoki\u201c u Despotovcu je uz rezanje slavskog kola\u010da prire\u0111en i prikladan program koji su izveli u\u010denici ove \u0161kole. Prisutnim u\u010denicima, nastavnicima i roditeljima se obratio i predsednik Op\u0161tine Despotovac, dr Zlatko Marjanovi\u0107, \u010destitao \u0161kolsku slavu i po\u017eeleo da i dalje budu uspe\u0161ni na putu koji nam je ucrtao Sveti Sava.<\/p>\n<p>Osim u Osnovnoj \u0161koli u Despotovcu, \u0161kolska slava je uz rezanje kola\u010da i program u\u010denika proslavljena i u ostalim \u0161kolama u despotova\u010dkoj op\u0161tini.<\/p>\n","protected":false},"excerpt":{"rendered":"<p>&nbsp; DESPOTOVAC- U sali Centra za kulturu u Despotovcu odr\u017eana je Svetosavska akademija koju Op\u0161tina Despotovac tradicionalno organizuje svake godine. Kao i od sada i &hellip; <\/p>\n","protected":false},"author":2,"featured_media":37544,"comment_status":"open","ping_status":"open","sticky":false,"template":"","format":"standard","meta":{"footnotes":""},"categories":[1518,14,1524,12],"tags":[51,501],"_links":{"self":[{"href":"https:\/\/centralmedia.rs\/index.php\/wp-json\/wp\/v2\/posts\/37543"}],"collection":[{"href":"https:\/\/centralmedia.rs\/index.php\/wp-json\/wp\/v2\/posts"}],"about":[{"href":"https:\/\/centralmedia.rs\/index.php\/wp-json\/wp\/v2\/types\/post"}],"author":[{"embeddable":true,"href":"https:\/\/centralmedia.rs\/index.php\/wp-json\/wp\/v2\/users\/2"}],"replies":[{"embeddable":true,"href":"https:\/\/centralmedia.rs\/index.php\/wp-json\/wp\/v2\/comments?post=37543"}],"version-history":[{"count":1,"href":"https:\/\/centralmedia.rs\/index.php\/wp-json\/wp\/v2\/posts\/37543\/revisions"}],"predecessor-version":[{"id":37548,"href":"https:\/\/centralmedia.rs\/index.php\/wp-json\/wp\/v2\/posts\/37543\/revisions\/37548"}],"wp:featuredmedia":[{"embeddable":true,"href":"https:\/\/centralmedia.rs\/index.php\/wp-json\/wp\/v2\/media\/37544"}],"wp:attachment":[{"href":"https:\/\/centralmedia.rs\/index.php\/wp-json\/wp\/v2\/media?parent=37543"}],"wp:term":[{"taxonomy":"category","embeddable":true,"href":"https:\/\/centralmedia.rs\/index.php\/wp-json\/wp\/v2\/categories?post=37543"},{"taxonomy":"post_tag","embeddable":true,"href":"https:\/\/centralmedia.rs\/index.php\/wp-json\/wp\/v2\/tags?post=37543"}],"curies":[{"name":"wp","href":"https:\/\/api.w.org\/{rel}","templated":true}]}}