{"id":37556,"date":"2024-02-01T14:15:48","date_gmt":"2024-02-01T13:15:48","guid":{"rendered":"http:\/\/centralmedia.rs\/?p=37556"},"modified":"2024-02-07T12:23:42","modified_gmt":"2024-02-07T11:23:42","slug":"palma-necemo-sada-da-pravimo-zadusnice-i-za-pse","status":"publish","type":"post","link":"https:\/\/centralmedia.rs\/index.php\/2024\/02\/01\/palma-necemo-sada-da-pravimo-zadusnice-i-za-pse\/","title":{"rendered":"PALMA : NE\u0106EMO SADA DA PRAVIMO ZADU\u0160NICE I ZA PSE"},"content":{"rendered":"<p>&nbsp;<\/p>\n<p>JAGODINA-Predsednik Jedinstvene Srbije Dragan Markovi\u0107 Palma je, u uklju\u010denju u program TV PRVA, gde je tema bila \u201eTreba li dozvoliti verske obrede i paljenje sve\u0107a na groblju ku\u0107nih ljubimaca\u201c rekao da se ljudi o ku\u0107nim ljubimcima i o psima i lutalicama treba brinuti dok su \u017eivi. \u201eU ovom trenutku, kada Srbija ima ogroman problem na Kosovu i Metohiji, gde se ru\u0161e srpski nadgrobni spomenici i gde ljudi \u010diji su najmiliji sahranjeni na prostoru Kosova i Metohiji ne mogu da vr\u0161e verske obrede, to treba da bude glavna tema, ali kada ve\u0107 pitate o ku\u0107nim ljubimcima, svi treba se brinemo o njima dok su \u017eivi, odnosno da im stvorimo uslove koji su potrebni. Nekome je ku\u0107ni ljubimac pas, nekome ma\u010dka, nekome krava, nekome svinja, nekome ovca i \u0161ta sad, mi treba da pravimo zadu\u0161nice i za ku\u0107ne ljubimce. Naravno da ne.\u201c, rekao je Markovi\u0107. \u201eJa imam 11 pasa, dva psa rase kane korso, a ostali su \u0161arplaninci koji su na mom poljoprivrednom imanju, a kane korso su u dvori\u0161tu ku\u0107e. Ti psi me \u010dekaju uve\u010de kada do\u0111em da im dam heb i oni znaju ujutro kada se prvo dete sprema za \u0161kolu. Briga o psima i ku\u0107nim ljubimcima je va\u017ena dok su \u017eivi. Grad Jagodina je jedan od prvih gradova u Srbiji koji je napavio azil za pse, sada smo napravili 15 ku\u0107ica u svim delovima grada gde ti psi lutalice se mogu skloniti kada je hladno i svake ve\u010deri im se donosi hrana i voda. Mi \u0107emo u gradu Jagodini uskoro i \u010dipovati sve te pse, jer imamo problem da nam dovoze pse lutalice iz drugih op\u0161tina gde nemaju azil. I tako neka se u svim gradovima i op\u0161tinama brinu za pse, a ne da pravimo zadu\u0161nice za ku\u0107ne ljubimce\u201c, kazao je Dragan Markovi\u0107 Palma.<\/p>\n","protected":false},"excerpt":{"rendered":"<p>&nbsp; JAGODINA-Predsednik Jedinstvene Srbije Dragan Markovi\u0107 Palma je, u uklju\u010denju u program TV PRVA, gde je tema bila \u201eTreba li dozvoliti verske obrede i paljenje &hellip; <\/p>\n","protected":false},"author":2,"featured_media":37557,"comment_status":"open","ping_status":"open","sticky":false,"template":"","format":"standard","meta":{"footnotes":""},"categories":[1524,2,1514,13,12],"tags":[6438,120],"_links":{"self":[{"href":"https:\/\/centralmedia.rs\/index.php\/wp-json\/wp\/v2\/posts\/37556"}],"collection":[{"href":"https:\/\/centralmedia.rs\/index.php\/wp-json\/wp\/v2\/posts"}],"about":[{"href":"https:\/\/centralmedia.rs\/index.php\/wp-json\/wp\/v2\/types\/post"}],"author":[{"embeddable":true,"href":"https:\/\/centralmedia.rs\/index.php\/wp-json\/wp\/v2\/users\/2"}],"replies":[{"embeddable":true,"href":"https:\/\/centralmedia.rs\/index.php\/wp-json\/wp\/v2\/comments?post=37556"}],"version-history":[{"count":1,"href":"https:\/\/centralmedia.rs\/index.php\/wp-json\/wp\/v2\/posts\/37556\/revisions"}],"predecessor-version":[{"id":37558,"href":"https:\/\/centralmedia.rs\/index.php\/wp-json\/wp\/v2\/posts\/37556\/revisions\/37558"}],"wp:featuredmedia":[{"embeddable":true,"href":"https:\/\/centralmedia.rs\/index.php\/wp-json\/wp\/v2\/media\/37557"}],"wp:attachment":[{"href":"https:\/\/centralmedia.rs\/index.php\/wp-json\/wp\/v2\/media?parent=37556"}],"wp:term":[{"taxonomy":"category","embeddable":true,"href":"https:\/\/centralmedia.rs\/index.php\/wp-json\/wp\/v2\/categories?post=37556"},{"taxonomy":"post_tag","embeddable":true,"href":"https:\/\/centralmedia.rs\/index.php\/wp-json\/wp\/v2\/tags?post=37556"}],"curies":[{"name":"wp","href":"https:\/\/api.w.org\/{rel}","templated":true}]}}