{"id":37591,"date":"2024-02-05T20:10:42","date_gmt":"2024-02-05T19:10:42","guid":{"rendered":"http:\/\/centralmedia.rs\/?p=37591"},"modified":"2024-02-07T12:24:28","modified_gmt":"2024-02-07T11:24:28","slug":"30-godina-postojanja-i-rada-centra-za-kulturu-sveti-stefan-despot-srpski","status":"publish","type":"post","link":"https:\/\/centralmedia.rs\/index.php\/2024\/02\/05\/30-godina-postojanja-i-rada-centra-za-kulturu-sveti-stefan-despot-srpski\/","title":{"rendered":"30 GODINA POSTOJANjA I RADA CENTRA ZA KULTURU &#8220;SVETI STEFAN, DESPOT SRPSKI&#8221;"},"content":{"rendered":"<p>&nbsp;<\/p>\n<p>DESPOTOVAC- Jubilej 30 godina postojanja Centra za kulturu &#8220;Sveti Stefan, despot srpski&#8221; u Despotovcu obele\u017een je u rekonstruisanoj sali te ustanove. Tim povodom dodeljene su zahvalnice zaslu\u017enim za rad ove ustanove kulture i izveden prikladan kulturno umetni\u010dki program. Prisutne je u ime doma\u0107ina pozdravila direktorka Centra za kulturu, Vlatka Milenkovi\u0107, a potom se obratio i predsednik Op\u0161tine Despotovac, dr Zlatko Marjanovi\u0107.<\/p>\n<div id='gallery-1' class='gallery galleryid-37591 gallery-columns-5 gallery-size-thumbnail'><figure class='gallery-item'>\n\t\t\t<div class='gallery-icon landscape'>\n\t\t\t\t<a href='https:\/\/centralmedia.rs\/index.php\/2024\/02\/05\/30-godina-postojanja-i-rada-centra-za-kulturu-sveti-stefan-despot-srpski\/30-god-centra\/'><img loading=\"lazy\" decoding=\"async\" width=\"150\" height=\"150\" src=\"https:\/\/centralmedia.rs\/wp-content\/uploads\/2024\/02\/30-god-centra-150x150.jpg\" class=\"attachment-thumbnail size-thumbnail\" alt=\"\" \/><\/a>\n\t\t\t<\/div><\/figure><figure class='gallery-item'>\n\t\t\t<div class='gallery-icon landscape'>\n\t\t\t\t<a href='https:\/\/centralmedia.rs\/index.php\/2024\/02\/05\/30-godina-postojanja-i-rada-centra-za-kulturu-sveti-stefan-despot-srpski\/30-god-centra2\/'><img loading=\"lazy\" decoding=\"async\" width=\"150\" height=\"150\" src=\"https:\/\/centralmedia.rs\/wp-content\/uploads\/2024\/02\/30-god-centra2-150x150.jpg\" class=\"attachment-thumbnail size-thumbnail\" alt=\"\" \/><\/a>\n\t\t\t<\/div><\/figure><figure class='gallery-item'>\n\t\t\t<div class='gallery-icon landscape'>\n\t\t\t\t<a href='https:\/\/centralmedia.rs\/index.php\/2024\/02\/05\/30-godina-postojanja-i-rada-centra-za-kulturu-sveti-stefan-despot-srpski\/30-god-centra3\/'><img loading=\"lazy\" decoding=\"async\" width=\"150\" height=\"150\" src=\"https:\/\/centralmedia.rs\/wp-content\/uploads\/2024\/02\/30-god-centra3-150x150.jpg\" class=\"attachment-thumbnail size-thumbnail\" alt=\"\" \/><\/a>\n\t\t\t<\/div><\/figure><figure class='gallery-item'>\n\t\t\t<div class='gallery-icon landscape'>\n\t\t\t\t<a href='https:\/\/centralmedia.rs\/index.php\/2024\/02\/05\/30-godina-postojanja-i-rada-centra-za-kulturu-sveti-stefan-despot-srpski\/30-god-centra4\/'><img loading=\"lazy\" decoding=\"async\" width=\"150\" height=\"150\" src=\"https:\/\/centralmedia.rs\/wp-content\/uploads\/2024\/02\/30-god-centra4-150x150.jpg\" class=\"attachment-thumbnail size-thumbnail\" alt=\"\" \/><\/a>\n\t\t\t<\/div><\/figure><figure class='gallery-item'>\n\t\t\t<div class='gallery-icon landscape'>\n\t\t\t\t<a href='https:\/\/centralmedia.rs\/index.php\/2024\/02\/05\/30-godina-postojanja-i-rada-centra-za-kulturu-sveti-stefan-despot-srpski\/30-god-centra5\/'><img loading=\"lazy\" decoding=\"async\" width=\"150\" height=\"150\" src=\"https:\/\/centralmedia.rs\/wp-content\/uploads\/2024\/02\/30-god-centra5-150x150.jpg\" class=\"attachment-thumbnail size-thumbnail\" alt=\"\" \/><\/a>\n\t\t\t<\/div><\/figure>\n\t\t<\/div>\n\n<p>Centar za kulturu u Despotovcu je osnovan 03. februara 1994. godine, od kada je glavni nosilac kulturnih aktivnostu u despotova\u010dkom kraju, poput pozori\u0161ta, folklora, Likovne kolonije, Dana srpskoga duhovnog preobra\u017eenja i mnogih drugih.<\/p>\n","protected":false},"excerpt":{"rendered":"<p>&nbsp; DESPOTOVAC- Jubilej 30 godina postojanja Centra za kulturu &#8220;Sveti Stefan, despot srpski&#8221; u Despotovcu obele\u017een je u rekonstruisanoj sali te ustanove. Tim povodom dodeljene &hellip; <\/p>\n","protected":false},"author":2,"featured_media":37592,"comment_status":"open","ping_status":"open","sticky":false,"template":"","format":"standard","meta":{"footnotes":""},"categories":[1518,1524,2,15,12],"tags":[2767,51],"_links":{"self":[{"href":"https:\/\/centralmedia.rs\/index.php\/wp-json\/wp\/v2\/posts\/37591"}],"collection":[{"href":"https:\/\/centralmedia.rs\/index.php\/wp-json\/wp\/v2\/posts"}],"about":[{"href":"https:\/\/centralmedia.rs\/index.php\/wp-json\/wp\/v2\/types\/post"}],"author":[{"embeddable":true,"href":"https:\/\/centralmedia.rs\/index.php\/wp-json\/wp\/v2\/users\/2"}],"replies":[{"embeddable":true,"href":"https:\/\/centralmedia.rs\/index.php\/wp-json\/wp\/v2\/comments?post=37591"}],"version-history":[{"count":1,"href":"https:\/\/centralmedia.rs\/index.php\/wp-json\/wp\/v2\/posts\/37591\/revisions"}],"predecessor-version":[{"id":37598,"href":"https:\/\/centralmedia.rs\/index.php\/wp-json\/wp\/v2\/posts\/37591\/revisions\/37598"}],"wp:featuredmedia":[{"embeddable":true,"href":"https:\/\/centralmedia.rs\/index.php\/wp-json\/wp\/v2\/media\/37592"}],"wp:attachment":[{"href":"https:\/\/centralmedia.rs\/index.php\/wp-json\/wp\/v2\/media?parent=37591"}],"wp:term":[{"taxonomy":"category","embeddable":true,"href":"https:\/\/centralmedia.rs\/index.php\/wp-json\/wp\/v2\/categories?post=37591"},{"taxonomy":"post_tag","embeddable":true,"href":"https:\/\/centralmedia.rs\/index.php\/wp-json\/wp\/v2\/tags?post=37591"}],"curies":[{"name":"wp","href":"https:\/\/api.w.org\/{rel}","templated":true}]}}