{"id":37607,"date":"2024-02-07T11:19:05","date_gmt":"2024-02-07T10:19:05","guid":{"rendered":"http:\/\/centralmedia.rs\/?p=37607"},"modified":"2024-02-16T18:47:59","modified_gmt":"2024-02-16T17:47:59","slug":"cajetina-gradi-gondolu-od-tornika-do-pribojske-banje-i-zlatni-grad","status":"publish","type":"post","link":"https:\/\/centralmedia.rs\/index.php\/2024\/02\/07\/cajetina-gradi-gondolu-od-tornika-do-pribojske-banje-i-zlatni-grad\/","title":{"rendered":"\u010cAJETINA GRADI GONDOLU OD TORNIKA DO PRIBOJSKE BANJE I ZLATNI GRAD"},"content":{"rendered":"<p>&nbsp;<\/p>\n<p>\u010cAJETINA \u2013 \u010cajetina gradi gondolu od Tornika do Pribojske banje i Zlatni grad, vodovod sa Su\u0161i\u010dkih vrela, a cilj je million turista i 10 miliona no\u0107enja godi\u0161nje.<\/p>\n<div id='gallery-1' class='gallery galleryid-37607 gallery-columns-3 gallery-size-thumbnail'><figure class='gallery-item'>\n\t\t\t<div class='gallery-icon landscape'>\n\t\t\t\t<a href='https:\/\/centralmedia.rs\/index.php\/2024\/02\/07\/cajetina-gradi-gondolu-od-tornika-do-pribojske-banje-i-zlatni-grad\/novinari-2\/'><img loading=\"lazy\" decoding=\"async\" width=\"150\" height=\"150\" src=\"https:\/\/centralmedia.rs\/wp-content\/uploads\/2024\/02\/Novinari-150x150.jpg\" class=\"attachment-thumbnail size-thumbnail\" alt=\"\" \/><\/a>\n\t\t\t<\/div><\/figure><figure class='gallery-item'>\n\t\t\t<div class='gallery-icon landscape'>\n\t\t\t\t<a href='https:\/\/centralmedia.rs\/index.php\/2024\/02\/07\/cajetina-gradi-gondolu-od-tornika-do-pribojske-banje-i-zlatni-grad\/studijska-poseta-novinara\/'><img loading=\"lazy\" decoding=\"async\" width=\"150\" height=\"150\" src=\"https:\/\/centralmedia.rs\/wp-content\/uploads\/2024\/02\/Studijska-poseta-novinara-150x150.jpg\" class=\"attachment-thumbnail size-thumbnail\" alt=\"\" \/><\/a>\n\t\t\t<\/div><\/figure><figure class='gallery-item'>\n\t\t\t<div class='gallery-icon landscape'>\n\t\t\t\t<a href='https:\/\/centralmedia.rs\/index.php\/2024\/02\/07\/cajetina-gradi-gondolu-od-tornika-do-pribojske-banje-i-zlatni-grad\/zivanovic-i-stamatovic\/'><img loading=\"lazy\" decoding=\"async\" width=\"150\" height=\"150\" src=\"https:\/\/centralmedia.rs\/wp-content\/uploads\/2024\/02\/Zivanovic-i-Stamatovic-150x150.jpg\" class=\"attachment-thumbnail size-thumbnail\" alt=\"\" \/><\/a>\n\t\t\t<\/div><\/figure>\n\t\t<\/div>\n\n<p>-Op\u0161tina \u010cajetina ima ambiciozne planove koji proisti\u010du iz dosada\u0161nje i iz nove Strategije razvoja op\u0161tine koja se upravo priprema, u kojoj \u0107e se na\u0107i sve \u0161to je zapo\u010deto u prethodnim godinama, kao i ono \u0161to \u0107e se realizovati u narednom periodu. Svakako najva\u017eniji projekat koji nas o\u010dekuje je nova gondola koja \u0107e kretati sa Tornika i koja \u0107e se zavr\u0161avati u Pribojskoj banji u ukupnoj du\u017eini od oko 14 kilometara \u2013 najavio je predsednik op\u0161tine \u010cajetina Milan Stamatovi\u0107 novu fazu u razvoju Zlatibora tokom studijske posete turisti\u010dkih novinara i ljudi od uticaja u oblasti turizma Zlatiboru, koju su zajedni\u010dki organizovali Turisti\u010dka organizacija Zlatibor i Turisti\u010dka organizacija Srbije.<\/p>\n<p>Uz to, oko Ribni\u010dkog jezera planiramo da izgradimo novi centar Zlatibora, takozvani Zlatni grad, nastavio je Stamatovi\u0107, \u0161to podrazumeva izgradnju golf terena, kao i rezidencijalnih vila i hotela, tako da \u0107e ovaj deo na\u0161e planine izgledati mnogo modernije i savremenije. Od jezera ka centru naseljenog mesta Zlatibor se grade sportski tereni, petnaestak u prvoj fazi izgradnje, prvenstveno za pripreme sportskih ekipa. Grubi radovi na pripremi terena su ve\u0107 skoro zavr\u0161eni i u ovoj godini \u0107emo raditi na onim takozvanim finim radovima tj. na postavljanju svih instalacija, hibridne trave sa ve\u0161ta\u010dkom podlogom, kao i na izgradnji prate\u0107ih sadr\u017eaja pored samih terena.<\/p>\n<p>Radimo i na postavljanju novog cevovoda sa Su\u0161i\u010dkih vrela u du\u017eini od 17 kilometara. Ve\u0107 smo uradili prvu polovinu cevovoda i u drugoj polovini godine mo\u017eemo o\u010dekivati da voda sa Su\u0161i\u010dkih vrela bude na Karauli na Zlatiboru.<\/p>\n<p>Plan nam je da zavr\u0161etkom svih tih radova na Zlatiboru mo\u017ee da boravi i milion posetilaca godi\u0161nje, \u0161to podrazumeva oko 10 miliona no\u0107enja. Najpose\u0107enija planina Srbije i regiona \u0107e se tako svrstati u red najpoznatijih i najpose\u0107enijih planinskih turisti\u010dkih centara Evrope.<\/p>\n","protected":false},"excerpt":{"rendered":"<p>&nbsp; \u010cAJETINA \u2013 \u010cajetina gradi gondolu od Tornika do Pribojske banje i Zlatni grad, vodovod sa Su\u0161i\u010dkih vrela, a cilj je million turista i 10 &hellip; <\/p>\n","protected":false},"author":2,"featured_media":37608,"comment_status":"open","ping_status":"open","sticky":false,"template":"","format":"standard","meta":{"footnotes":""},"categories":[2875,1524,2,23,3054],"tags":[2762,2838,6446],"_links":{"self":[{"href":"https:\/\/centralmedia.rs\/index.php\/wp-json\/wp\/v2\/posts\/37607"}],"collection":[{"href":"https:\/\/centralmedia.rs\/index.php\/wp-json\/wp\/v2\/posts"}],"about":[{"href":"https:\/\/centralmedia.rs\/index.php\/wp-json\/wp\/v2\/types\/post"}],"author":[{"embeddable":true,"href":"https:\/\/centralmedia.rs\/index.php\/wp-json\/wp\/v2\/users\/2"}],"replies":[{"embeddable":true,"href":"https:\/\/centralmedia.rs\/index.php\/wp-json\/wp\/v2\/comments?post=37607"}],"version-history":[{"count":1,"href":"https:\/\/centralmedia.rs\/index.php\/wp-json\/wp\/v2\/posts\/37607\/revisions"}],"predecessor-version":[{"id":37611,"href":"https:\/\/centralmedia.rs\/index.php\/wp-json\/wp\/v2\/posts\/37607\/revisions\/37611"}],"wp:featuredmedia":[{"embeddable":true,"href":"https:\/\/centralmedia.rs\/index.php\/wp-json\/wp\/v2\/media\/37608"}],"wp:attachment":[{"href":"https:\/\/centralmedia.rs\/index.php\/wp-json\/wp\/v2\/media?parent=37607"}],"wp:term":[{"taxonomy":"category","embeddable":true,"href":"https:\/\/centralmedia.rs\/index.php\/wp-json\/wp\/v2\/categories?post=37607"},{"taxonomy":"post_tag","embeddable":true,"href":"https:\/\/centralmedia.rs\/index.php\/wp-json\/wp\/v2\/tags?post=37607"}],"curies":[{"name":"wp","href":"https:\/\/api.w.org\/{rel}","templated":true}]}}