{"id":37636,"date":"2024-02-07T19:16:58","date_gmt":"2024-02-07T18:16:58","guid":{"rendered":"http:\/\/centralmedia.rs\/?p=37636"},"modified":"2024-02-11T20:39:37","modified_gmt":"2024-02-11T19:39:37","slug":"palma-evropski-parlament-da-usvoji-rezoluciju-o-aparthejdu-na-kosovu-i-metohiji-a-ne-u-izborima-u-srbiji","status":"publish","type":"post","link":"https:\/\/centralmedia.rs\/index.php\/2024\/02\/07\/palma-evropski-parlament-da-usvoji-rezoluciju-o-aparthejdu-na-kosovu-i-metohiji-a-ne-u-izborima-u-srbiji\/","title":{"rendered":"PALMA : EVROPSKI PARLAMENT DA USVOJI REZOLUCIJU O APARTHEJDU NA KOSOVU I METOHIJI, A NE U IZBORIMA U SRBIJI"},"content":{"rendered":"<p>&nbsp;<\/p>\n<p>\u201cRezolucija u Evropskom parlamentu o situaciji u Srbiji posle izbora, koja je danas usvojena i koja nije pravno obavezuju\u0107a je dokument koji predstavlja direktno me\u0161anje u unutra\u0161nje stvari jedne suverene dr\u017eave, a usvojena je na osnovu la\u017enih informacija dela opozicije u Srbiji, koji se ne mo\u017ee pomiriti sa voljom gra\u0111ana Srbije. Ta opozicija i deo evroparlamentaraca moraju da shvate da vlast u Srbiji biraju gra\u0111ani Srbije, a ne poslanici Evropskog parlamenta. Za\u0161to taj Evropski parlament ne usvoji rezoluciju o Hrvatskoj gde ima pola miliona bira\u010da vi\u0161e nego stanovnika. U Hrvatskoj imate gradova i op\u0161tina gde bukvalno ima vi\u0161e bira\u010da nego stanovnika i gde na izbore dolaze ti bira\u010di iz inostranstva, ali to niko ne vidi kao problem jer ti ljudi imaju pravo glasa, kao \u0161to svaka dr\u017eava na svetu ima dijasporu, pa tako i Srbija. Ali samo u Srbiji opozicija optu\u017euje svoju dr\u017eavu i svoj narod\u201d, izjavio je predsednik Jedinstvene Srbije Dragan Markovi\u0107 Palma. \u201cUmesto \u0161to se bave la\u017enim informacijama dela opozicije u Srbiji, Evropski parlament treba da se bavi \u0161trajkovima i protestima u svojim dr\u017eavama i treba da se bavi kr\u0161enjem ljudskih prava u Evropi, a danas u Evropi ima deo jedne dr\u017eave u kome se sprovodi aparthejd, prvi nakon onog u Ju\u017enoafri\u010dkoj Republici, a to je Kosovo i Metohija, gde Kurtijeva vlast vr\u0161i fizi\u010dki i psihi\u010dki teror nad preostalim Srbima sa ciljem totalnog proterivanja i to \u0161to se de\u0161ava na Kosovu i Metohiji je aparthejd. To je sramota za Evropsku uniju i Evropski parlament. \u0160to ne usvoje Rezoluciju o po\u0161tovanju Briselskog sporazuma i formiranju Zajednice srpskih op\u0161tina. To Evropskom parlamentu nije predlo\u017eila opozicija u Srbiji, ve\u0107 samo kako da bez glasova gra\u0111ana Srbije do\u0111e na vlast. Gospodo iz Evropskog parlamenta, ne\u0107ete u Srbiji dobiti vlast koja \u0107e uraditi ono \u0161to vi tra\u017eite, a to je priznanje la\u017ene dr\u017eave Kosovo. To je pravi cilj ove rezolucije. Ali kao \u0161to i sami znate, rezolucija koju ste usvojili nije pravno obavezuju\u0107a, ali obavezuju\u0107a je Rezoluciija 1244 Saveta bezbednosti Ujedinjenih nacija koju ste prekr\u0161ili i dalje je kr\u0161ite\u201d, zaklju\u010dio je Markovi\u0107.<\/p>\n","protected":false},"excerpt":{"rendered":"<p>&nbsp; \u201cRezolucija u Evropskom parlamentu o situaciji u Srbiji posle izbora, koja je danas usvojena i koja nije pravno obavezuju\u0107a je dokument koji predstavlja direktno &hellip; <\/p>\n","protected":false},"author":2,"featured_media":37637,"comment_status":"open","ping_status":"open","sticky":false,"template":"","format":"standard","meta":{"footnotes":""},"categories":[1524,2,1514,13,12],"tags":[6450,120],"_links":{"self":[{"href":"https:\/\/centralmedia.rs\/index.php\/wp-json\/wp\/v2\/posts\/37636"}],"collection":[{"href":"https:\/\/centralmedia.rs\/index.php\/wp-json\/wp\/v2\/posts"}],"about":[{"href":"https:\/\/centralmedia.rs\/index.php\/wp-json\/wp\/v2\/types\/post"}],"author":[{"embeddable":true,"href":"https:\/\/centralmedia.rs\/index.php\/wp-json\/wp\/v2\/users\/2"}],"replies":[{"embeddable":true,"href":"https:\/\/centralmedia.rs\/index.php\/wp-json\/wp\/v2\/comments?post=37636"}],"version-history":[{"count":1,"href":"https:\/\/centralmedia.rs\/index.php\/wp-json\/wp\/v2\/posts\/37636\/revisions"}],"predecessor-version":[{"id":37638,"href":"https:\/\/centralmedia.rs\/index.php\/wp-json\/wp\/v2\/posts\/37636\/revisions\/37638"}],"wp:featuredmedia":[{"embeddable":true,"href":"https:\/\/centralmedia.rs\/index.php\/wp-json\/wp\/v2\/media\/37637"}],"wp:attachment":[{"href":"https:\/\/centralmedia.rs\/index.php\/wp-json\/wp\/v2\/media?parent=37636"}],"wp:term":[{"taxonomy":"category","embeddable":true,"href":"https:\/\/centralmedia.rs\/index.php\/wp-json\/wp\/v2\/categories?post=37636"},{"taxonomy":"post_tag","embeddable":true,"href":"https:\/\/centralmedia.rs\/index.php\/wp-json\/wp\/v2\/tags?post=37636"}],"curies":[{"name":"wp","href":"https:\/\/api.w.org\/{rel}","templated":true}]}}