{"id":3765,"date":"2016-07-15T08:22:53","date_gmt":"2016-07-15T08:22:53","guid":{"rendered":"http:\/\/centralmedia.rs\/?p=3765"},"modified":"2016-07-15T14:08:20","modified_gmt":"2016-07-15T14:08:20","slug":"obesio-se-pacijent-u-paracinskoj-bolnici","status":"publish","type":"post","link":"https:\/\/centralmedia.rs\/index.php\/2016\/07\/15\/obesio-se-pacijent-u-paracinskoj-bolnici\/","title":{"rendered":"OBESIO SE PACIJENT U PARA\u0106INSKOJ BOLNICI"},"content":{"rendered":"<p>PARA\u0106IN-Be\u017eivotno telo pacijenta T.M. (62)  prona\u0111eno je obe\u0161eno na drvetu u krugu Op\u0161te bolnice u Para\u0107inu sat posle pono\u0107i.  On je bio na ispitivanjima i pretragama na Odeljenju hirurgije od 13 jula.<div id='gallery-1' class='gallery galleryid-3765 gallery-columns-2 gallery-size-large'><figure class='gallery-item'>\n\t\t\t<div class='gallery-icon landscape'>\n\t\t\t\t<a href='https:\/\/centralmedia.rs\/index.php\/2016\/07\/15\/obesio-se-pacijent-u-paracinskoj-bolnici\/opsta-bolnica-paracin\/'><img loading=\"lazy\" decoding=\"async\" width=\"760\" height=\"380\" src=\"https:\/\/centralmedia.rs\/wp-content\/uploads\/2016\/07\/opsta-bolnica-paracin.jpg\" class=\"attachment-large size-large\" alt=\"\" srcset=\"https:\/\/centralmedia.rs\/wp-content\/uploads\/2016\/07\/opsta-bolnica-paracin.jpg 960w, https:\/\/centralmedia.rs\/wp-content\/uploads\/2016\/07\/opsta-bolnica-paracin-300x150.jpg 300w, https:\/\/centralmedia.rs\/wp-content\/uploads\/2016\/07\/opsta-bolnica-paracin-768x384.jpg 768w\" sizes=\"(max-width: 760px) 100vw, 760px\" \/><\/a>\n\t\t\t<\/div><\/figure><figure class='gallery-item'>\n\t\t\t<div class='gallery-icon landscape'>\n\t\t\t\t<a href='https:\/\/centralmedia.rs\/index.php\/2016\/07\/15\/obesio-se-pacijent-u-paracinskoj-bolnici\/opsta-bolnica-2-paracin\/'><img loading=\"lazy\" decoding=\"async\" width=\"760\" height=\"380\" src=\"https:\/\/centralmedia.rs\/wp-content\/uploads\/2016\/07\/opsta-bolnica-2-paracin.jpg\" class=\"attachment-large size-large\" alt=\"\" srcset=\"https:\/\/centralmedia.rs\/wp-content\/uploads\/2016\/07\/opsta-bolnica-2-paracin.jpg 960w, https:\/\/centralmedia.rs\/wp-content\/uploads\/2016\/07\/opsta-bolnica-2-paracin-300x150.jpg 300w, https:\/\/centralmedia.rs\/wp-content\/uploads\/2016\/07\/opsta-bolnica-2-paracin-768x384.jpg 768w\" sizes=\"(max-width: 760px) 100vw, 760px\" \/><\/a>\n\t\t\t<\/div><\/figure>\n\t\t<\/div>\n<br \/>\n\t-Sestre su primetile da pacijent nije u sobi oko pono\u0107i. On je samovoljno iza\u0161ao sa odeljenja, iskoristiv\u0161i trenutak kada su sestre i de\u017eurni lekar bili u ambulanti i zbrinjavali drugog pacijenta. Nestanak je prijavljen policiji i odmah po\u010dela je potraga za pacijentom. Na\u017ealost, njegovo be\u017eivotno telo prona\u0111eno je obe\u0161eno na drvetu iza zgrade Odeljenja hirirgije, saop\u0161teno je iz te bolnice.<br \/>\nO svim detaljima ovog tragi\u010dnog doga\u0111aja obave\u0161teno je Ministartsvo zdravlja. Policija sprovodi istragu povodom tog doga\u0111aja.  <\/p>\n","protected":false},"excerpt":{"rendered":"<p>PARA\u0106IN-Be\u017eivotno telo pacijenta T.M. (62) prona\u0111eno je obe\u0161eno na drvetu u krugu Op\u0161te bolnice u Para\u0107inu sat posle pono\u0107i. On je bio na ispitivanjima i &hellip; <\/p>\n","protected":false},"author":4,"featured_media":3766,"comment_status":"open","ping_status":"open","sticky":false,"template":"","format":"standard","meta":{"footnotes":""},"categories":[20,2],"tags":[978,156],"_links":{"self":[{"href":"https:\/\/centralmedia.rs\/index.php\/wp-json\/wp\/v2\/posts\/3765"}],"collection":[{"href":"https:\/\/centralmedia.rs\/index.php\/wp-json\/wp\/v2\/posts"}],"about":[{"href":"https:\/\/centralmedia.rs\/index.php\/wp-json\/wp\/v2\/types\/post"}],"author":[{"embeddable":true,"href":"https:\/\/centralmedia.rs\/index.php\/wp-json\/wp\/v2\/users\/4"}],"replies":[{"embeddable":true,"href":"https:\/\/centralmedia.rs\/index.php\/wp-json\/wp\/v2\/comments?post=3765"}],"version-history":[{"count":0,"href":"https:\/\/centralmedia.rs\/index.php\/wp-json\/wp\/v2\/posts\/3765\/revisions"}],"wp:featuredmedia":[{"embeddable":true,"href":"https:\/\/centralmedia.rs\/index.php\/wp-json\/wp\/v2\/media\/3766"}],"wp:attachment":[{"href":"https:\/\/centralmedia.rs\/index.php\/wp-json\/wp\/v2\/media?parent=3765"}],"wp:term":[{"taxonomy":"category","embeddable":true,"href":"https:\/\/centralmedia.rs\/index.php\/wp-json\/wp\/v2\/categories?post=3765"},{"taxonomy":"post_tag","embeddable":true,"href":"https:\/\/centralmedia.rs\/index.php\/wp-json\/wp\/v2\/tags?post=3765"}],"curies":[{"name":"wp","href":"https:\/\/api.w.org\/{rel}","templated":true}]}}