{"id":37652,"date":"2024-02-11T20:56:39","date_gmt":"2024-02-11T19:56:39","guid":{"rendered":"http:\/\/centralmedia.rs\/?p=37652"},"modified":"2024-02-16T18:46:57","modified_gmt":"2024-02-16T17:46:57","slug":"delegacija-opstine-svilajnac-u-dvodnevnoj-poseti-francuskoj","status":"publish","type":"post","link":"https:\/\/centralmedia.rs\/index.php\/2024\/02\/11\/delegacija-opstine-svilajnac-u-dvodnevnoj-poseti-francuskoj\/","title":{"rendered":"DELEGACIJA OP\u0160TINE SVILAJNAC U DVODNEVNOJ POSETI FRANCUSKOJ"},"content":{"rendered":"<p>&nbsp;<\/p>\n<p>SVILAJNAC-Predsednik op\u0161tine Svilajnac Predrag Milanovi\u0107 boravio je u zvani\u010dnoj dvodnevnoj poseti Francuskoj, gde je u\u010destvovao u nizu uspe\u0161nih sastanaka. Na prijemu u Ambasadi Srbije u Parizu imao je konstruktivne razgovore sa Njenom ekselencijom ambasadorkom Anom Hrustanovi\u0107 o privrednim potencijalima i investitorima iz Francuske, gde je Svilajnac prepoznat kao jedna od najatraktivnijih lokacija u Srbiji za investiranje.<\/p>\n<p>Drugog dana posete, Milanovi\u0107 je potpisao Sporazum o saradnji sa predsednicom\u00a0 francuske op\u0161tine Dransi, Od Lagard, kojim se stvaraju \u010dvrsti bilateralni odnosi op\u0161tine Svilajnac i op\u0161tine Dransi sa tendencijom bratimljenja:<\/p>\n<p>&#8220;U Dransiju \u017eivi najvi\u0161e Svilajn\u010dana iz dijaspore i to je bio povod za uspostavljanje bli\u017ee i konkretnije saradnje, koju je inicirao Goran Jablanovi\u0107, predsednik Udru\u017eenja &#8220;Biseri&#8221;. To je francusko-srpsko udru\u017eenje koje promovi\u0161e srpsku kulturu i folklor. Ova saradnja \u0107e omogu\u0107iti realizaciju zajedni\u010dkih projekata i me\u0111usobnu razmenu znanja i iskustva&#8221; &#8211; izjavio je Milanovi\u0107 istakav\u0161i zajedni\u010dku \u017eelju za unapre\u0111ivanjem istorijskih i tradicionalnih veza koje dugo povezuju Svilajnac i Dransi, ali i Srbiju i Francusku.<\/p>\n<p>Saradnja dve op\u0161tine odvija\u0107e se naro\u010dito u oblasti privrede, sporta, kulture, ekologije i turizma, a razmenjiva\u0107e se iskustva u administraciji i politici upravljanja jedinicama lokalne samouprave.<\/p>\n<p>Prema re\u010dima Predraga Milanovi\u0107a organizova\u0107e se zajedni\u010dki doga\u0111aji, seminari, sportska takmi\u010denja, izlo\u017ebe, koncerti, festivali, posete delegacija, kao i razmena u\u010denika i nastavnika i mnoge druge ekonomske aktivnosti.<\/p>\n<p>Gradona\u010delnica Dransija Od Lagard izrazila je zadovoljstvo zbog me\u0111usobnog povezivanja i istakla da je cilj stvaranje okvira za razvoj dugoro\u010dnog prijateljstva.<\/p>\n<p>Dogovoreno je da ona poseti op\u0161tinu Svilajnac u maju ove godine i da se procedura bratimljenja sprovede \u0161to pre.<\/p>\n<p>Sastanku je prisustvovao i Stefan Butors, predsednik francuskog Komiteta za bratimljenje, kao i Tijana Jovanovi\u0107, direktorka Slobodne zone Svilajnac.<\/p>\n","protected":false},"excerpt":{"rendered":"<p>&nbsp; SVILAJNAC-Predsednik op\u0161tine Svilajnac Predrag Milanovi\u0107 boravio je u zvani\u010dnoj dvodnevnoj poseti Francuskoj, gde je u\u010destvovao u nizu uspe\u0161nih sastanaka. Na prijemu u Ambasadi Srbije &hellip; <\/p>\n","protected":false},"author":2,"featured_media":37653,"comment_status":"open","ping_status":"open","sticky":false,"template":"","format":"standard","meta":{"footnotes":""},"categories":[1524,13,12,1517],"tags":[5200,38],"_links":{"self":[{"href":"https:\/\/centralmedia.rs\/index.php\/wp-json\/wp\/v2\/posts\/37652"}],"collection":[{"href":"https:\/\/centralmedia.rs\/index.php\/wp-json\/wp\/v2\/posts"}],"about":[{"href":"https:\/\/centralmedia.rs\/index.php\/wp-json\/wp\/v2\/types\/post"}],"author":[{"embeddable":true,"href":"https:\/\/centralmedia.rs\/index.php\/wp-json\/wp\/v2\/users\/2"}],"replies":[{"embeddable":true,"href":"https:\/\/centralmedia.rs\/index.php\/wp-json\/wp\/v2\/comments?post=37652"}],"version-history":[{"count":1,"href":"https:\/\/centralmedia.rs\/index.php\/wp-json\/wp\/v2\/posts\/37652\/revisions"}],"predecessor-version":[{"id":37654,"href":"https:\/\/centralmedia.rs\/index.php\/wp-json\/wp\/v2\/posts\/37652\/revisions\/37654"}],"wp:featuredmedia":[{"embeddable":true,"href":"https:\/\/centralmedia.rs\/index.php\/wp-json\/wp\/v2\/media\/37653"}],"wp:attachment":[{"href":"https:\/\/centralmedia.rs\/index.php\/wp-json\/wp\/v2\/media?parent=37652"}],"wp:term":[{"taxonomy":"category","embeddable":true,"href":"https:\/\/centralmedia.rs\/index.php\/wp-json\/wp\/v2\/categories?post=37652"},{"taxonomy":"post_tag","embeddable":true,"href":"https:\/\/centralmedia.rs\/index.php\/wp-json\/wp\/v2\/tags?post=37652"}],"curies":[{"name":"wp","href":"https:\/\/api.w.org\/{rel}","templated":true}]}}