{"id":37655,"date":"2024-02-12T19:57:01","date_gmt":"2024-02-12T18:57:01","guid":{"rendered":"http:\/\/centralmedia.rs\/?p=37655"},"modified":"2024-02-20T01:58:05","modified_gmt":"2024-02-20T00:58:05","slug":"demokrata-udario-levcanima-namet-na-vilajet","status":"publish","type":"post","link":"https:\/\/centralmedia.rs\/index.php\/2024\/02\/12\/demokrata-udario-levcanima-namet-na-vilajet\/","title":{"rendered":"DEMOKRATA UDARIO LEV\u010cANIMA ,,NAMET NA VILAJET\u201c"},"content":{"rendered":"<p>&nbsp;<\/p>\n<p>REKOVAC- Prvi \u010dovek demokrata u Rekovcu Milan Milojevi\u0107, u svojstvu vi\u0161egodi\u0161njeg \u00a0na\u010delnika lokalne Poreske uprave i najbli\u017eeg saradnika naprednjaka koji su na vlasti vi\u0161e od decenije, izaslao je re\u0161enja i opomene za pla\u0107anje poreza gra\u0111anima i privrednicima Lev\u010da sa astronomskim ciframa, na primer \u00a0od blizu 150 hiljda dinara za ku\u0107u u Rekovcu, sa kamatama koje prema\u0161uju glavnicu, ili takse za isticanje firme oko 50 hiljada. Rekovac bi u tom slu\u010daju imao ve\u0107e poreze od pomoravskih gradova. Lev\u010dani koji su danas tra\u017eili obja\u0161njenje od \u00a0poreznika nisu mogli da dobiju odgovor sem da \u0107e biti predati izvr\u0161iteljima ili da se dogovore da dug namire u rate. Milojevi\u0107 se nije javljao na fiksni telefon u svojoj kancelariji kada smo ga pozivali. Predsednik op\u0161tine Dragi\u0161a Tomi\u0107- SNS isti\u010de da je tek dve nedelje na toj funkciji, da jo\u0161 ne mo\u017ee da pri\u010da o finansijskoj situaciji u op\u0161tini i porezima, ali i da je lokalna Poreska uprava nezavisna od politike i da veruje da radi odgovorno. U opomenama ne stoji period u kome je nastao poreski dug i pripadaju\u0107e kamate, \u0161to obavezno po zakonu.<\/p>\n<p>-Re\u0161enja su pogre\u0161no ura\u0111ena, ne mogu retroaktivno da se pla\u0107aju od 2009. godine. Predla\u017eemo da se urade nova re\u0161enja po zakonu, a to je 5 i 10 godina godina zastarelosti,\u00a0 a oni su dug ra\u010dunali 15 i 20 godina unazad. Op\u0161tinari jadnom narodu predla\u017eu dogovor na rate, na\u010delnik Milojevi\u0107 nije bio u kancelariji. Narod je upla\u0161en, pla\u0161e ih izvr\u0161iteljima, ka\u017ee predsednik Unije poslodavaca iz Rekovca Zoran Radoji\u010di\u0107 koji uputio prigovor i tu\u017ebu na re\u0161enje i opomenu te dodaje da Lev\u010dani ne treba da pla\u0107aju porez pod ovim uslovima.<\/p>\n<p>Gra\u0111ani treba da se pozovu na Zakon o poreskom postupku i poreskoj administraciji \u010dlan 114, jer \u00a0napalata poreza zastareva za pet godina od dana kada je po\u010dela da te\u010de zastarelost. Rok po\u010dinje da te\u010de od prvog dana naredne godine u kojoj je obaveza poreskog du\u017enika dospela na pla\u0107anje.<\/p>\n<div id='gallery-1' class='gallery galleryid-37655 gallery-columns-2 gallery-size-thumbnail'><figure class='gallery-item'>\n\t\t\t<div class='gallery-icon portrait'>\n\t\t\t\t<a href='https:\/\/centralmedia.rs\/index.php\/2024\/02\/12\/demokrata-udario-levcanima-namet-na-vilajet\/opomena-2\/'><img loading=\"lazy\" decoding=\"async\" width=\"150\" height=\"150\" src=\"https:\/\/centralmedia.rs\/wp-content\/uploads\/2024\/02\/opomena-150x150.jpg\" class=\"attachment-thumbnail size-thumbnail\" alt=\"\" \/><\/a>\n\t\t\t<\/div><\/figure><figure class='gallery-item'>\n\t\t\t<div class='gallery-icon portrait'>\n\t\t\t\t<a href='https:\/\/centralmedia.rs\/index.php\/2024\/02\/12\/demokrata-udario-levcanima-namet-na-vilajet\/opomena1\/'><img loading=\"lazy\" decoding=\"async\" width=\"150\" height=\"150\" src=\"https:\/\/centralmedia.rs\/wp-content\/uploads\/2024\/02\/opomena1-150x150.jpg\" class=\"attachment-thumbnail size-thumbnail\" alt=\"\" \/><\/a>\n\t\t\t<\/div><\/figure>\n\t\t<\/div>\n\n<p>Gra\u0111ani treba da podnesu zahtev lokalnoj poredskoj upravi za prestanak poreske obaveze zbog zastrelosti. Opomene koje gra\u0111anima ranije nisu slate na adrese stanovanja i nisu potpisali da su primili poreska re\u0161enja, treba da zatra\u017ee da im prestane poreska obaveza za predmetni period.<\/p>\n<p>Foto DS<\/p>\n","protected":false},"excerpt":{"rendered":"<p>&nbsp; REKOVAC- Prvi \u010dovek demokrata u Rekovcu Milan Milojevi\u0107, u svojstvu vi\u0161egodi\u0161njeg \u00a0na\u010delnika lokalne Poreske uprave i najbli\u017eeg saradnika naprednjaka koji su na vlasti vi\u0161e &hellip; <\/p>\n","protected":false},"author":2,"featured_media":37656,"comment_status":"open","ping_status":"open","sticky":false,"template":"","format":"standard","meta":{"footnotes":""},"categories":[1524,2,13,1519,12],"tags":[309,441],"_links":{"self":[{"href":"https:\/\/centralmedia.rs\/index.php\/wp-json\/wp\/v2\/posts\/37655"}],"collection":[{"href":"https:\/\/centralmedia.rs\/index.php\/wp-json\/wp\/v2\/posts"}],"about":[{"href":"https:\/\/centralmedia.rs\/index.php\/wp-json\/wp\/v2\/types\/post"}],"author":[{"embeddable":true,"href":"https:\/\/centralmedia.rs\/index.php\/wp-json\/wp\/v2\/users\/2"}],"replies":[{"embeddable":true,"href":"https:\/\/centralmedia.rs\/index.php\/wp-json\/wp\/v2\/comments?post=37655"}],"version-history":[{"count":2,"href":"https:\/\/centralmedia.rs\/index.php\/wp-json\/wp\/v2\/posts\/37655\/revisions"}],"predecessor-version":[{"id":37660,"href":"https:\/\/centralmedia.rs\/index.php\/wp-json\/wp\/v2\/posts\/37655\/revisions\/37660"}],"wp:featuredmedia":[{"embeddable":true,"href":"https:\/\/centralmedia.rs\/index.php\/wp-json\/wp\/v2\/media\/37656"}],"wp:attachment":[{"href":"https:\/\/centralmedia.rs\/index.php\/wp-json\/wp\/v2\/media?parent=37655"}],"wp:term":[{"taxonomy":"category","embeddable":true,"href":"https:\/\/centralmedia.rs\/index.php\/wp-json\/wp\/v2\/categories?post=37655"},{"taxonomy":"post_tag","embeddable":true,"href":"https:\/\/centralmedia.rs\/index.php\/wp-json\/wp\/v2\/tags?post=37655"}],"curies":[{"name":"wp","href":"https:\/\/api.w.org\/{rel}","templated":true}]}}