{"id":37671,"date":"2024-02-16T03:02:17","date_gmt":"2024-02-16T02:02:17","guid":{"rendered":"http:\/\/centralmedia.rs\/?p=37671"},"modified":"2024-02-16T03:02:17","modified_gmt":"2024-02-16T02:02:17","slug":"proglas-predstavio-minimalne-uslove-za-odrzavanje-novih-izbora","status":"publish","type":"post","link":"https:\/\/centralmedia.rs\/index.php\/2024\/02\/16\/proglas-predstavio-minimalne-uslove-za-odrzavanje-novih-izbora\/","title":{"rendered":"PROGLAS PREDSTAVIO MINIMALNE USLOVE ZA ODR\u017dAVANJE NOVIH IZBORA"},"content":{"rendered":"<p>&nbsp;<\/p>\n<p>Inicijativa ProGlas predstavila je minimalne uslove za odr\u017eavanje novih izbora kojima se, izme\u0111u ostalog, tra\u017ee revizija i sastavljanje ta\u010dnog bira\u010dkog spiska.Minimalnim uslovima se tra\u017ei da podr\u0161ka kandidaturi mora biti overena javnobele\u017eni\u010dki ili sudski, saop\u0161teno je na konferenciji za novinare. Tra\u017ei se i da se imena ljudi koji nisu kandidati ne mogu na\u0107i u nazivu liste.Me\u0111u zahtevima je i obezbe\u0111ivanje medijskog pluralizma, pre svega na javnom servisu.Zatra\u017eeno je i da svi naredni lokalni izbori budu odr\u017eani u isto vreme.Kao uslov je navedena i pravna i politi\u010dka odgovornost za izborni in\u017eenjering 2023. godine.Sudija Miodrag Maji\u0107 rekao je da je protekle decembarske izbore, pored ne\u010dinjenja institucija, obele\u017eila i aktivna uklju\u010denost dr\u017eavnog aparata u izborne mahinacije.Profesor Pravnog fakulteta Miodrag Jovanovi\u0107 naglasio je da o\u010dekuju da se Ustavni sud oglasi \u0161to pre u postupcima u vezi sa izborima koje su pokrenuli pred tim sudom.Jovanovi\u0107 je ukazao je da je najve\u0107i broj falsifikovanih potpisa podr\u0161ke listama do\u0161ao od op\u0161tinskih overitelja.On je uputio i apel Javnobele\u017eni\u010dkoj komori da ustanovi odgovornost ako se utvrdi da je neki javni bele\u017enik falsifikovao potpis.Pred nama je konstituisanje beogradske skup\u0161tine i svaki poku\u0161aj da se formira vlast bio bi nastavak nelegitimnosti, naglasio je Jovanovi\u0107.Govore\u0107i o drugim zahtevima, Jovanovi\u0107 je rekao da tra\u017ee da lista ne mo\u017ee sadr\u017eati ime nekoga ko nije kandidat, jer je proteklom predizbornom kampanjom dominirao predsednik Srbije Aleksnadar Vu\u010di\u0107, koji se nije kandidovao.<\/p>\n","protected":false},"excerpt":{"rendered":"<p>&nbsp; Inicijativa ProGlas predstavila je minimalne uslove za odr\u017eavanje novih izbora kojima se, izme\u0111u ostalog, tra\u017ee revizija i sastavljanje ta\u010dnog bira\u010dkog spiska.Minimalnim uslovima se tra\u017ei &hellip; <\/p>\n","protected":false},"author":2,"featured_media":36862,"comment_status":"open","ping_status":"open","sticky":false,"template":"","format":"standard","meta":{"footnotes":""},"categories":[13,12],"tags":[643,6374],"_links":{"self":[{"href":"https:\/\/centralmedia.rs\/index.php\/wp-json\/wp\/v2\/posts\/37671"}],"collection":[{"href":"https:\/\/centralmedia.rs\/index.php\/wp-json\/wp\/v2\/posts"}],"about":[{"href":"https:\/\/centralmedia.rs\/index.php\/wp-json\/wp\/v2\/types\/post"}],"author":[{"embeddable":true,"href":"https:\/\/centralmedia.rs\/index.php\/wp-json\/wp\/v2\/users\/2"}],"replies":[{"embeddable":true,"href":"https:\/\/centralmedia.rs\/index.php\/wp-json\/wp\/v2\/comments?post=37671"}],"version-history":[{"count":1,"href":"https:\/\/centralmedia.rs\/index.php\/wp-json\/wp\/v2\/posts\/37671\/revisions"}],"predecessor-version":[{"id":37672,"href":"https:\/\/centralmedia.rs\/index.php\/wp-json\/wp\/v2\/posts\/37671\/revisions\/37672"}],"wp:featuredmedia":[{"embeddable":true,"href":"https:\/\/centralmedia.rs\/index.php\/wp-json\/wp\/v2\/media\/36862"}],"wp:attachment":[{"href":"https:\/\/centralmedia.rs\/index.php\/wp-json\/wp\/v2\/media?parent=37671"}],"wp:term":[{"taxonomy":"category","embeddable":true,"href":"https:\/\/centralmedia.rs\/index.php\/wp-json\/wp\/v2\/categories?post=37671"},{"taxonomy":"post_tag","embeddable":true,"href":"https:\/\/centralmedia.rs\/index.php\/wp-json\/wp\/v2\/tags?post=37671"}],"curies":[{"name":"wp","href":"https:\/\/api.w.org\/{rel}","templated":true}]}}