{"id":37682,"date":"2024-02-16T17:54:58","date_gmt":"2024-02-16T16:54:58","guid":{"rendered":"http:\/\/centralmedia.rs\/?p=37682"},"modified":"2024-02-24T13:23:59","modified_gmt":"2024-02-24T12:23:59","slug":"jagodinski-urbani-duh-mica-borovnica","status":"publish","type":"post","link":"https:\/\/centralmedia.rs\/index.php\/2024\/02\/16\/jagodinski-urbani-duh-mica-borovnica\/","title":{"rendered":"JAGODINSKI URBANI DUH &#8211; MI\u0106A BOROVNICA"},"content":{"rendered":"<p>&nbsp;<\/p>\n<p>JAGODINA- Direktor jagodinske Gimnazije\u00a0 Miroslav Veljkovi\u0107 \u2013 Mi\u0107a Borovnica 20. februara puni 65 godina \u017eivota i to je njegov poslednji dan u toj ulozi.<\/p>\n<div id='gallery-1' class='gallery galleryid-37682 gallery-columns-5 gallery-size-thumbnail'><figure class='gallery-item'>\n\t\t\t<div class='gallery-icon portrait'>\n\t\t\t\t<a href='https:\/\/centralmedia.rs\/index.php\/2024\/02\/16\/jagodinski-urbani-duh-mica-borovnica\/borovnica-4\/'><img loading=\"lazy\" decoding=\"async\" width=\"150\" height=\"150\" src=\"https:\/\/centralmedia.rs\/wp-content\/uploads\/2024\/02\/borovnica-4-150x150.jpg\" class=\"attachment-thumbnail size-thumbnail\" alt=\"\" \/><\/a>\n\t\t\t<\/div><\/figure><figure class='gallery-item'>\n\t\t\t<div class='gallery-icon landscape'>\n\t\t\t\t<a href='https:\/\/centralmedia.rs\/index.php\/2024\/02\/16\/jagodinski-urbani-duh-mica-borovnica\/borovnica-1\/'><img loading=\"lazy\" decoding=\"async\" width=\"150\" height=\"150\" src=\"https:\/\/centralmedia.rs\/wp-content\/uploads\/2024\/02\/borovnica-1-150x150.jpg\" class=\"attachment-thumbnail size-thumbnail\" alt=\"\" \/><\/a>\n\t\t\t<\/div><\/figure><figure class='gallery-item'>\n\t\t\t<div class='gallery-icon landscape'>\n\t\t\t\t<a href='https:\/\/centralmedia.rs\/index.php\/2024\/02\/16\/jagodinski-urbani-duh-mica-borovnica\/borovnica-2\/'><img loading=\"lazy\" decoding=\"async\" width=\"150\" height=\"150\" src=\"https:\/\/centralmedia.rs\/wp-content\/uploads\/2024\/02\/borovnica-2-150x150.jpg\" class=\"attachment-thumbnail size-thumbnail\" alt=\"\" \/><\/a>\n\t\t\t<\/div><\/figure><figure class='gallery-item'>\n\t\t\t<div class='gallery-icon landscape'>\n\t\t\t\t<a href='https:\/\/centralmedia.rs\/index.php\/2024\/02\/16\/jagodinski-urbani-duh-mica-borovnica\/borovnica-3\/'><img loading=\"lazy\" decoding=\"async\" width=\"150\" height=\"150\" src=\"https:\/\/centralmedia.rs\/wp-content\/uploads\/2024\/02\/borovnica-3-150x150.jpg\" class=\"attachment-thumbnail size-thumbnail\" alt=\"\" \/><\/a>\n\t\t\t<\/div><\/figure><figure class='gallery-item'>\n\t\t\t<div class='gallery-icon landscape'>\n\t\t\t\t<a href='https:\/\/centralmedia.rs\/index.php\/2024\/02\/16\/jagodinski-urbani-duh-mica-borovnica\/borovnica-6\/'><img loading=\"lazy\" decoding=\"async\" width=\"150\" height=\"150\" src=\"https:\/\/centralmedia.rs\/wp-content\/uploads\/2024\/02\/borovnica-6-150x150.jpg\" class=\"attachment-thumbnail size-thumbnail\" alt=\"\" \/><\/a>\n\t\t\t<\/div><\/figure>\n\t\t<\/div>\n\n<p>U zaslu\u017eenu penziju njega su aplauzom ispratile kolege na poslednjem Nastavni\u010dkom ve\u0107u. Veljkovi\u0107 je u obra\u0107anju kolegama govorio o davanju i po\u0161tovanju, jagodinskom gradskom duhu koji je neraskidivo povezan sa Gimnazijom,\u00a0 nala\u017eenju pozitivnog u svim situacijama, ,,laganom\u201c re\u0161avanju naizgled nere\u0161ivih situacija, bez drame, histerije ili nedajbo\u017ee preduzimanje sankcija. U istoriji Gimnazije, dugoj 155 godina, Veljkovi\u0107 je ,,najdugove\u010dniji\u201c direktor, \u010dak 6 mandata i 24 godine na najodgovornijoj poziciji, u tranzicionom periodu punom izazova, u isto vreme za generacije Jagodinaca je bila\u00a0 privilegija da je on na toj funkciji. \u00a0Miroslav Veljkovi\u0107 ili, za Jagodince lak\u0161e za prepoznavanje, Mi\u0107a Borovnica je pokazao sve \u0161to treba da ima jedan pedagog i nastavnik sa ose\u0107ajem za vreme u kome \u017eivimo, a pre svega ose\u0107aj za komunikaciju sa u\u010denicima i roditeljima, kolegama, kao i prepoznatljiv gradski duh, spreman na ozbiljan rad, odricanje, davanje prilike mladima da istaknu svoje talente, istra\u017eiva\u010dki karakter, ali i za \u0161alu, duhovitost i lepe stvari. Uspesi hora sa orkestrom, gluma\u010dke sekcije, medalje sa takmi\u010denja, talenti u sportu, stranim jezicima, informatici, dok je gimnazijski Bilten bio jo\u0161 jedan u nisci bisera.<\/p>\n<p>-Nisam o\u010dekivao aplauz kolega, pogotovo ne tako freneti\u010dan, ostao sam zate\u010den. Mo\u017eda ne ose\u0107am ovaj trenutak, nisam svestan, samo neku imaginarnu te\u017einu u smislu obaveze prime\u0107ujem. \u010cekam da se sve \u0161to pre zavr\u0161i. Da predahnem. Nemam neku ideju \u0161ta \u0107u posle 20. februara. Odmori\u0107u nekoliko meseci, posveti\u0107u se \u010ditanju nekih knjiga koje nisam pro\u010ditao, ure\u0111ivanju placa. Oslu\u0161kujem ideje sa strane, prijatelji mi nabacuju lepe teme. Vide\u0107emo, imam puno drugara, mislim da je to bogatstvo, kratko Mi\u0107a Borovnica opisuje svoje trenutno stanje dok se bavi organizacijom opro\u0161tajne zabave za kolege i prijatelje.<\/p>\n<p>On je diplomirani istori\u010dar, kratko radio u Despotovcu i \u0106upriji, od 1987. godine\u00a0 je anga\u017eovan na Pedago\u0161koj akademiji, da bi 1990. pre\u0161ao u Gimnaziju.<\/p>\n<p>-U novembru 2000. godine, posle oktobarskih doga\u0111aja, postao sam direktor Gimnazije. U toj ulozi sam 24 godine. Nisam se pripremao za tu funkciju. Kolege su tajno glasale, zaokru\u017eivale imena i kasnije sam dobijao podr\u0161ku kolektiva. Posle sam odustao od aktivnog bavljenja politikom i vi\u0161e nisam imao taj predznak. Menjale su se vlasti, jedna druga&#8230; Jedinstvena Srbija je 20 godina na vlasti na lokalu, nacionalno vlast je menjana vi\u0161e puta, ali ja sam dobijao poverenje da ostanem na toj funkciji.\u00a0 Palma je \u010dak pominjao na sastancima da nisam \u010dlan njegove stranke, \u0161to je dokaz njegovog demokratskog kapaciteta, a meni je koristilo da ne moram da se u\u010dlanjujem. Ljudi mo\u017eda ne veruju da nisam \u010dlan ni jedne partije, ali vremenom se to izdefinisalo i oni koji to treba da znaju, znaju, pri\u010da Mi\u0107a Borovnica.<\/p>\n<p>Gimnazija ove godine obele\u017eava 155 godina postojanja. Velika privilegija, ali i velika obaveza biti na \u010delu obrazovne ustanove.<\/p>\n<p>-Moja kancelarija je bila nekada zbornica, tu je sada i administracija \u0161kole. Kolege su pitale za\u0161to se direktno sa hodnika ulazi u moju kancelariju, za\u0161to nisam stavio sekretara ispred da ne mogu direktno kod direktora da u\u0111u. Smatrao sam da u\u010denik ne treba samo po kazni da ide do direktora, ve\u0107 da mo\u017ee da pokuca na moja vrata kada god ima neku potrebu. Uspeo sam u tome, svako je mogao da u\u0111e od u\u010denika, nastavnika, roditelja. Probao sam kroz neke stvari koje deca vole, promenio sam izvo\u0111enje ekskurzija. Obi\u0161li smo srednju Evropu, klasi\u010dnu Gr\u010dku, Italiju, ju\u017enu Evropu. U proteklih sedam godina organizovali smo koncerte rok muzike. Ideja je bila da zadr\u017eimo urbani duh, Gimnazija se stavlja na pijedestal va\u017enosti, ali to se ne pokazuje u odnosu prema \u0161koli u smislu da se materijalno i drugi na\u010din obezbedi, obja\u0161njava Mi\u0107a Borovnica.<\/p>\n<p>Gimnazija je poznata po gluma\u010dkoj sekciji i u\u010de\u0161\u0107u na srednjo\u0161kolskim takmi\u010denjima. Gimnazijalci su bili prvaci u glumi, dobitnici prve nagrade za scenski govor \u0161to je bilo \u010dudo i za \u017eiri da Jagodinci mogu da budu bolji od Valjevaca. Hor je u\u010destvovao na me\u0111unarodnim i dr\u017eavnim takmi\u010denjima, bio je prvi u Srbiji.<\/p>\n<p>-Korona je na\u017ealost te aktivnosti utihnula, a posao novog rukovodstva je da to ponovo o\u017eivi. Okrenuli smo se stvarima koje smo mogli, a to su koncerti rok bendova iz celog sveta. To je prodrmalo srednju generaciju u Jagodini, namera je bila da poka\u017eemo najmla\u0111ima da osim jeftine zabave, narodnjaka postoji i ne\u0161to drugo, sa ponosom isti\u010de Mi\u0107a Borovnica.<\/p>\n<ol start=\"21\">\n<li>VEK &#8211; VEK PO\u0160TOVANJA I UZAJAMNOG DAVANJA<\/li>\n<\/ol>\n<p>Za sve u ovo vreme, a 21. vek\u00a0 je, potrebno je da se razumemo, da po\u0161tujemo druge da bi bili po\u0161tovani. Razli\u010ditost koja je toliko prisutna danas, nekad je prenagla\u0161ena. Prvo mi treba da se razumemo da bi probali decu da u\u010dimo da misle o tome. Ako se neko ne uklapa u neki sistem, ne treba da bude odba\u010den, \u00a0ne treba da bude razloga za to. Ti sterotipi postoje kod profesora, ja i njima pri\u010dam. Na poslednjoj sednici Nastavni\u010dkog ve\u0107a samo sam o tome pri\u010dao. Posvetio sam govor sada\u0161njici \u0161kole i \u0161ta treba bude \u0161kola. O onome \u0161ta ja mislim. \u0160to je vrlo te\u0161ko jer su obrazovanje i \u0161kolstvo centralizovan sistem i mnogo veliki, ne zavise od pojedinca. Ali ono \u0161to mogu pojedinci je obrazovanje, to je \u00a0potrebno, sada mo\u017ee i formalno i neformalno. \u010citamo svakog dana i edukujemo se, ali neko ni to ne radi. Pro\u0111e kroz glavnu ulicu i ni\u0161ta ne primeti, neko sve vidi. Tako je u \u017eivotu, tako je sa decom. Treba svi da se po\u0161tuju. Deo profestora \u017eivi u vremenu gde je na distacni u odnosu na u\u010denika, treba da postoji granica, a tu je i vaspitanje iz ku\u0107e. Ne mo\u017eemo da gradimo autoritet samo zato \u0161to smo profesori, ve\u0107 zato \u0161to dajemo u\u010denicima. U ovom sistemu su ljudi orjentisani samo da uzimaju do dru\u0161tva, retko \u0161ta daju osim kada to treba, a uop\u0161te ne daju sebe, ljubav&#8230;\u0160irina u odnosima sa drugima mora da postoji. Saradnja sa drugim \u0161kolama je izuzetna, ekskurzije vi\u0161e do dve decenije, nikada nismo imali ni jedan incident. Danas deca konzumiraju alkohol, slobodniji su, ali nismo imali te nepijatnosti. Nadam se da sam u tom smislu ostavio dobar uticaj na naslednike na funkcijama, poru\u010duje Mi\u0107a Borovnica<\/p>\n<p>&nbsp;<\/p>\n<p>&nbsp;<\/p>\n","protected":false},"excerpt":{"rendered":"<p>&nbsp; JAGODINA- Direktor jagodinske Gimnazije\u00a0 Miroslav Veljkovi\u0107 \u2013 Mi\u0107a Borovnica 20. februara puni 65 godina \u017eivota i to je njegov poslednji dan u toj ulozi. &hellip; <\/p>\n","protected":false},"author":2,"featured_media":37685,"comment_status":"open","ping_status":"open","sticky":false,"template":"","format":"standard","meta":{"footnotes":""},"categories":[14,1524,2,1514,12],"tags":[3640,58,6453],"_links":{"self":[{"href":"https:\/\/centralmedia.rs\/index.php\/wp-json\/wp\/v2\/posts\/37682"}],"collection":[{"href":"https:\/\/centralmedia.rs\/index.php\/wp-json\/wp\/v2\/posts"}],"about":[{"href":"https:\/\/centralmedia.rs\/index.php\/wp-json\/wp\/v2\/types\/post"}],"author":[{"embeddable":true,"href":"https:\/\/centralmedia.rs\/index.php\/wp-json\/wp\/v2\/users\/2"}],"replies":[{"embeddable":true,"href":"https:\/\/centralmedia.rs\/index.php\/wp-json\/wp\/v2\/comments?post=37682"}],"version-history":[{"count":4,"href":"https:\/\/centralmedia.rs\/index.php\/wp-json\/wp\/v2\/posts\/37682\/revisions"}],"predecessor-version":[{"id":37699,"href":"https:\/\/centralmedia.rs\/index.php\/wp-json\/wp\/v2\/posts\/37682\/revisions\/37699"}],"wp:featuredmedia":[{"embeddable":true,"href":"https:\/\/centralmedia.rs\/index.php\/wp-json\/wp\/v2\/media\/37685"}],"wp:attachment":[{"href":"https:\/\/centralmedia.rs\/index.php\/wp-json\/wp\/v2\/media?parent=37682"}],"wp:term":[{"taxonomy":"category","embeddable":true,"href":"https:\/\/centralmedia.rs\/index.php\/wp-json\/wp\/v2\/categories?post=37682"},{"taxonomy":"post_tag","embeddable":true,"href":"https:\/\/centralmedia.rs\/index.php\/wp-json\/wp\/v2\/tags?post=37682"}],"curies":[{"name":"wp","href":"https:\/\/api.w.org\/{rel}","templated":true}]}}