{"id":37730,"date":"2024-02-21T18:04:32","date_gmt":"2024-02-21T17:04:32","guid":{"rendered":"http:\/\/centralmedia.rs\/?p=37730"},"modified":"2024-02-24T13:23:04","modified_gmt":"2024-02-24T12:23:04","slug":"do-kraja-2025-godine-svako-mesto-u-srbiji-treba-da-bude-prikljuceno-na-brzi-internet","status":"publish","type":"post","link":"https:\/\/centralmedia.rs\/index.php\/2024\/02\/21\/do-kraja-2025-godine-svako-mesto-u-srbiji-treba-da-bude-prikljuceno-na-brzi-internet\/","title":{"rendered":"Do kraja 2025. godine svako mesto u Srbiji treba da bude priklju\u010deno na brzi internet"},"content":{"rendered":"<p>&nbsp;<\/p>\n<p>DESPOTOVAC-Predsednica Vlade Republike Srbije Ana Brnabi\u0107 poru\u010dila je danas, prilikom obilaska O\u0160 \u201eDespot Stefan Veliki\u201d u selu Lomnica kod Despotovca, da je izuzetno va\u017eno da do kraja 2025. godine sva sela i mesta u Srbiji budu priklju\u010dena na brzi, kvalitetan i pouzdan internet ili da imaju opciju da to u\u010dine.<\/p>\n<div id='gallery-1' class='gallery galleryid-37730 gallery-columns-4 gallery-size-thumbnail'><figure class='gallery-item'>\n\t\t\t<div class='gallery-icon landscape'>\n\t\t\t\t<a href='https:\/\/centralmedia.rs\/index.php\/2024\/02\/21\/do-kraja-2025-godine-svako-mesto-u-srbiji-treba-da-bude-prikljuceno-na-brzi-internet\/lomnica-1-1\/'><img loading=\"lazy\" decoding=\"async\" width=\"150\" height=\"150\" src=\"https:\/\/centralmedia.rs\/wp-content\/uploads\/2024\/02\/lomnica-1-1-150x150.jpg\" class=\"attachment-thumbnail size-thumbnail\" alt=\"\" \/><\/a>\n\t\t\t<\/div><\/figure><figure class='gallery-item'>\n\t\t\t<div class='gallery-icon landscape'>\n\t\t\t\t<a href='https:\/\/centralmedia.rs\/index.php\/2024\/02\/21\/do-kraja-2025-godine-svako-mesto-u-srbiji-treba-da-bude-prikljuceno-na-brzi-internet\/lomnica-1-2\/'><img loading=\"lazy\" decoding=\"async\" width=\"150\" height=\"150\" src=\"https:\/\/centralmedia.rs\/wp-content\/uploads\/2024\/02\/lomnica-1-2-150x150.jpg\" class=\"attachment-thumbnail size-thumbnail\" alt=\"\" \/><\/a>\n\t\t\t<\/div><\/figure><figure class='gallery-item'>\n\t\t\t<div class='gallery-icon landscape'>\n\t\t\t\t<a href='https:\/\/centralmedia.rs\/index.php\/2024\/02\/21\/do-kraja-2025-godine-svako-mesto-u-srbiji-treba-da-bude-prikljuceno-na-brzi-internet\/lomnica-1-3\/'><img loading=\"lazy\" decoding=\"async\" width=\"150\" height=\"150\" src=\"https:\/\/centralmedia.rs\/wp-content\/uploads\/2024\/02\/lomnica-1-3-150x150.jpg\" class=\"attachment-thumbnail size-thumbnail\" alt=\"\" \/><\/a>\n\t\t\t<\/div><\/figure><figure class='gallery-item'>\n\t\t\t<div class='gallery-icon landscape'>\n\t\t\t\t<a href='https:\/\/centralmedia.rs\/index.php\/2024\/02\/21\/do-kraja-2025-godine-svako-mesto-u-srbiji-treba-da-bude-prikljuceno-na-brzi-internet\/lomnica-1-4\/'><img loading=\"lazy\" decoding=\"async\" width=\"150\" height=\"150\" src=\"https:\/\/centralmedia.rs\/wp-content\/uploads\/2024\/02\/lomnica-1-4-150x150.jpg\" class=\"attachment-thumbnail size-thumbnail\" alt=\"\" \/><\/a>\n\t\t\t<\/div><\/figure>\n\t\t<\/div>\n\n<p>Brnabi\u0107 je, povodom donacije IT opreme isturenom odeljenju pomenute \u0161kole, u okviru Projekta izgradnje \u0161irokopojasne komunikacione infrastrukture u ruralnim predelima Srbije, naglasila da je pristup internetu veoma va\u017ean kako bi se ljudi vra\u0107ali u Srbiju i ostajali u manjim mestima.<\/p>\n<p>Bitno je da poka\u017eemo da ne postoje gradovi i op\u0161tine koje su prvog i drugog reda. Svako mesto je va\u017eno ukoliko \u017eelimo da imamo pobedni\u010dku Srbiju, u kojoj ljudi ostaju ili se vra\u0107aju u nju, rekla je ona.<\/p>\n<p>Premijerka je prenela da je najlep\u0161a vest koju je danas \u010dula u Lomnici ta da je ova \u0161kola dobila osam novih u\u010denika, \u010diji su se roditelji vratili u Despotovac iz \u0160vajcarske i Nema\u010dke.<\/p>\n<p>\u017delimo da se na\u0161i ljudi vra\u0107aju i da imaju iste uslove kao u najnaprednijim zemljama u Evropskoj uniji, poru\u010dila je predsednica Vlade.<\/p>\n<p>Tako\u0111e, kako je istakla, druga va\u017ena stvar jeste da u praksi poka\u017eemo koliko je zna\u010dajna saradnja sa Evropskom unijom u vi\u0161e oblasti, me\u0111u kojima su infrastruktura, digitalizacija, kultura, sport i privreda.<\/p>\n<p>Premijerka je naglasila da je to partnerstvo od su\u0161tinskog zna\u010daja za br\u017ei razvoj Srbije, precizirav\u0161i da je samo u ovaj projekat EU bespovratno ulo\u017eila 36 miliona evra, a preko svojih finansijskih institucija za obnovu i razvoj, kroz najpovoljniji kredit, dodatnih 118 miliona evra.<\/p>\n<p>Brnabi\u0107 je rekla i da je bitno da svaki kraj Srbije napreduje i da se razvija, pri \u010demu je, pored izgradnje puteva i brzih saobra\u0107ajnica, za ostanak i povratak mladih od velikog zna\u010daja i izgradnja digitalnih pueva, dodav\u0161i da je zato ovaj projekat najbolji primer projekta ravnomernog regionalnog razvoja.<\/p>\n<p>Ona je rekla da je bilo va\u017eno da se prvo pove\u017eu sve \u0161kole u Srbiji, pa \u010dak i one najmanje, na brz i kvalitetan internet, podsetiv\u0161i na to da je ve\u0107 od prvog razreda osnovne \u0161kole uveden predmet Digitalni svet.<\/p>\n<p>Tako\u0111e, od 2017. godine, od petog razreda, kao obavezan predmet uvedeno je programiranje, za \u0161ta je potreban kvalitetan internet, naglasila je ona, dodav\u0161i da je on neophodan i za uvo\u0111enje elektronske uprave i razli\u010ditih elektronskih servisa poput eAgrara.<\/p>\n<p>Brnabi\u0107 je Osnovnoj \u0161koli \u201eDespot Stefan Veliki\u201d u Lomnici uru\u010dila donaciju u vidu IT opreme.<\/p>\n<p>Pored premijerke, \u0161kolu su obi\u0161li i ministar informisanja i telekomunikacija Mihailo Jovanovi\u0107, \u0161ef Delegacije EU u Srbiji Emanuele \u017diofre, kao i direktor \u201eTelekoma Srbija\u201d Vladimir Lu\u010di\u0107.<\/p>\n<p>Jovanovi\u0107 je istakao da jedan od najzna\u010dajnijih projekata ministarstva na \u010dijem je \u010delu uspe\u0161no napreduje, podsetiv\u0161i na to da je donet Zakon o elektronskim komunikacijama, koji propisuje da je dr\u017eava u obavezi da svakom gra\u0111aninu obezbedi brzi internet.<\/p>\n<p>Lomnica je 161. selo koje je dobilo brzi internet i na taj na\u010din smo ve\u0107 do sada pokrili oko 25.000 doma\u0107instava, odnosno gotovo 70.000 stanovnika, rekao je ministar, dodav\u0161i da se radi na tome da se pokrije jo\u0161 24.000 doma\u0107instava, odnosno 69.000 stanovnika.<\/p>\n<p>Ovde u Lomnici je ve\u0107 45 doma\u0107instava, od ukupno 278, koliko ih ima u selu, uzelo odgovaraju\u0107e priklju\u010dke za brzi internet, predo\u010dio je on.<\/p>\n<p>\u017diofre je rekao da se kroz digitalizaciju pove\u0107ava socijalna pravda, ali i ekonomski potencijal.<\/p>\n<p>Prema njegovim re\u010dima, Srbija je do sada ulo\u017eila dosta sredstava u digitalizaciju i zajedno sa Evropskom unijom radi na tome da ova revolucija do\u0111e do svakog, \u010dak i najudaljenijeg kraja u zemlji.<\/p>\n<p>Zato se Srbija pridru\u017eila zajedni\u010dkom projektu superra\u010dunarstva, to jest digitalnog ekosistema, istakao je \u017diofre.<\/p>\n","protected":false},"excerpt":{"rendered":"<p>&nbsp; DESPOTOVAC-Predsednica Vlade Republike Srbije Ana Brnabi\u0107 poru\u010dila je danas, prilikom obilaska O\u0160 \u201eDespot Stefan Veliki\u201d u selu Lomnica kod Despotovca, da je izuzetno va\u017eno &hellip; <\/p>\n","protected":false},"author":2,"featured_media":37731,"comment_status":"open","ping_status":"open","sticky":false,"template":"","format":"standard","meta":{"footnotes":""},"categories":[1518,1524,2,13,12],"tags":[2051,51],"_links":{"self":[{"href":"https:\/\/centralmedia.rs\/index.php\/wp-json\/wp\/v2\/posts\/37730"}],"collection":[{"href":"https:\/\/centralmedia.rs\/index.php\/wp-json\/wp\/v2\/posts"}],"about":[{"href":"https:\/\/centralmedia.rs\/index.php\/wp-json\/wp\/v2\/types\/post"}],"author":[{"embeddable":true,"href":"https:\/\/centralmedia.rs\/index.php\/wp-json\/wp\/v2\/users\/2"}],"replies":[{"embeddable":true,"href":"https:\/\/centralmedia.rs\/index.php\/wp-json\/wp\/v2\/comments?post=37730"}],"version-history":[{"count":1,"href":"https:\/\/centralmedia.rs\/index.php\/wp-json\/wp\/v2\/posts\/37730\/revisions"}],"predecessor-version":[{"id":37736,"href":"https:\/\/centralmedia.rs\/index.php\/wp-json\/wp\/v2\/posts\/37730\/revisions\/37736"}],"wp:featuredmedia":[{"embeddable":true,"href":"https:\/\/centralmedia.rs\/index.php\/wp-json\/wp\/v2\/media\/37731"}],"wp:attachment":[{"href":"https:\/\/centralmedia.rs\/index.php\/wp-json\/wp\/v2\/media?parent=37730"}],"wp:term":[{"taxonomy":"category","embeddable":true,"href":"https:\/\/centralmedia.rs\/index.php\/wp-json\/wp\/v2\/categories?post=37730"},{"taxonomy":"post_tag","embeddable":true,"href":"https:\/\/centralmedia.rs\/index.php\/wp-json\/wp\/v2\/tags?post=37730"}],"curies":[{"name":"wp","href":"https:\/\/api.w.org\/{rel}","templated":true}]}}