{"id":3775,"date":"2016-07-16T11:59:25","date_gmt":"2016-07-16T11:59:25","guid":{"rendered":"http:\/\/centralmedia.rs\/?p=3775"},"modified":"2016-07-16T11:59:25","modified_gmt":"2016-07-16T11:59:25","slug":"zbog-izostanka-dnevnih-novina-penzioneri-surfuju-internetom","status":"publish","type":"post","link":"https:\/\/centralmedia.rs\/index.php\/2016\/07\/16\/zbog-izostanka-dnevnih-novina-penzioneri-surfuju-internetom\/","title":{"rendered":"ZBOG IZOSTANKA DNEVNIH NOVINA &#8211; PENZIONERI SURFUJU INTERNETOM"},"content":{"rendered":"<p>JAGODINA-Izostanak \u0161tampanih izdanja dnevnih novina sa rafova jagodinske Narodne biblioteke, primorao je penzionere, ina\u010de najvernije \u010ditaoce, da savladaju kori\u0161\u0107enje kompjutera i otkriju blagodeti interneta i onlajn izdanja medija.<br \/>\nMilutin Jeli\u010di\u0107, penzioner iz Jagodine je redovno dolazio u biblioteku da \u010dita novine, a kada  je obave\u0161ten da neko vreme na policama ne\u0107e biti aktuelnih izdanja, re\u0161io je da, uz stru\u010dnu pomo\u0107 bibliotekarke Slavice \u0106iri\u0107,  po\u010dne da \u010dita sa monitora.<br \/>\n-U po\u010detku mi se \u010dinilo da je jako komplikovano, ali sada se snalazim. Naravno, kada mi se u\u010dini da sam se \u201eizgubio\u201c zatra\u017eim pomo\u0107 ljubazne bibliotekarke. Nau\u010dio sam neke najosnovnije stvari na kompjuteru, a da to nisam ni planirao i shvatio sam da su ove novine koje \u010ditam sa kompjutera aktuelnije od \u0161tampanih, jer se informacija prvo objavljuje na internetu, a nakon toga se \u0161tampa. Video sam da su jo\u0161 neki \u010ditaoci odlu\u010dili da pre\u0111u na onlajn izdanja. Eto, muka nas je naterala, ali je ispalo dobro. U svakom slu\u010daju, jedva \u010dekam da se vratim \u010ditanju sa papira. Ipak, ni aktuelnost ne mo\u017ee da zameni miris sve\u017ee \u0161tampe i \u0161u\u0161kanje papira, obja\u0161njava Jeli\u010di\u0107, dok neve\u0161to dr\u017ei mi\u0161a i poku\u0161ava da sazna novosti sa Blic portala.<br \/>\nZa razliku od Milutina Jele\u010di\u0107a, neki \u010ditaoci su ljubazno odbili obuku za kori\u0161\u0107enje onlajn izdanja dnevnih novina, a neki su o\u0161tro protestvovali.<div id='gallery-1' class='gallery galleryid-3775 gallery-columns-2 gallery-size-large'><figure class='gallery-item'>\n\t\t\t<div class='gallery-icon landscape'>\n\t\t\t\t<a href='https:\/\/centralmedia.rs\/index.php\/2016\/07\/16\/zbog-izostanka-dnevnih-novina-penzioneri-surfuju-internetom\/biblioteka-jagodina-n-b-1\/'><img loading=\"lazy\" decoding=\"async\" width=\"760\" height=\"570\" src=\"https:\/\/centralmedia.rs\/wp-content\/uploads\/2016\/07\/biblioteka-jagodina-n.b.-1.jpg\" class=\"attachment-large size-large\" alt=\"\" srcset=\"https:\/\/centralmedia.rs\/wp-content\/uploads\/2016\/07\/biblioteka-jagodina-n.b.-1.jpg 960w, https:\/\/centralmedia.rs\/wp-content\/uploads\/2016\/07\/biblioteka-jagodina-n.b.-1-300x225.jpg 300w, https:\/\/centralmedia.rs\/wp-content\/uploads\/2016\/07\/biblioteka-jagodina-n.b.-1-768x576.jpg 768w, https:\/\/centralmedia.rs\/wp-content\/uploads\/2016\/07\/biblioteka-jagodina-n.b.-1-80x60.jpg 80w, https:\/\/centralmedia.rs\/wp-content\/uploads\/2016\/07\/biblioteka-jagodina-n.b.-1-265x198.jpg 265w\" sizes=\"(max-width: 760px) 100vw, 760px\" \/><\/a>\n\t\t\t<\/div><\/figure><figure class='gallery-item'>\n\t\t\t<div class='gallery-icon landscape'>\n\t\t\t\t<a href='https:\/\/centralmedia.rs\/index.php\/2016\/07\/16\/zbog-izostanka-dnevnih-novina-penzioneri-surfuju-internetom\/biblioteka-jagodina-n-b-2\/'><img loading=\"lazy\" decoding=\"async\" width=\"760\" height=\"570\" src=\"https:\/\/centralmedia.rs\/wp-content\/uploads\/2016\/07\/biblioteka-jagodina-n.b.-2.jpg\" class=\"attachment-large size-large\" alt=\"\" srcset=\"https:\/\/centralmedia.rs\/wp-content\/uploads\/2016\/07\/biblioteka-jagodina-n.b.-2.jpg 960w, https:\/\/centralmedia.rs\/wp-content\/uploads\/2016\/07\/biblioteka-jagodina-n.b.-2-300x225.jpg 300w, https:\/\/centralmedia.rs\/wp-content\/uploads\/2016\/07\/biblioteka-jagodina-n.b.-2-768x576.jpg 768w, https:\/\/centralmedia.rs\/wp-content\/uploads\/2016\/07\/biblioteka-jagodina-n.b.-2-80x60.jpg 80w, https:\/\/centralmedia.rs\/wp-content\/uploads\/2016\/07\/biblioteka-jagodina-n.b.-2-265x198.jpg 265w\" sizes=\"(max-width: 760px) 100vw, 760px\" \/><\/a>\n\t\t\t<\/div><\/figure>\n\t\t<\/div>\n<br \/>\n-Ve\u0107 po\u010detkom slede\u0107e nedelje rafove \u0107e krasiti Politika, Blic, Ve\u010dernje novosti\u2026. Nin, Vreme\u2026. Sve ono \u0161to vole i na \u0161ta su navikli verni \u010ditaoci i posetioci najstarije ustanove kulture u Pomoravskom okrugu, ka\u017ee Slavica i dodaje da je zastoj u nabavci je nastao zbog neplaniranih dugih procedura u organizaciji i sprovo\u0111enju javnih nabavki,\u0161to je  izazvao je veliko negodovanje kod \u010ditalaca, naro\u010dito starijih sugra\u0111ana, koji ne umeju da koriste kompjuter i internet. Me\u0111utim, neki su odlu\u010dili da iskoriste ljubaznost i podr\u0161ku na\u0161ih bibliotekara i da savladaju kompjuterske ve\u0161tine, kako bi \u010ditali onlajn izdanja dnevne \u0161tampe.<div id='gallery-2' class='gallery galleryid-3775 gallery-columns-2 gallery-size-large'><figure class='gallery-item'>\n\t\t\t<div class='gallery-icon landscape'>\n\t\t\t\t<a href='https:\/\/centralmedia.rs\/index.php\/2016\/07\/16\/zbog-izostanka-dnevnih-novina-penzioneri-surfuju-internetom\/biblioteka-jagodina-n-b-3\/'><img loading=\"lazy\" decoding=\"async\" width=\"760\" height=\"570\" src=\"https:\/\/centralmedia.rs\/wp-content\/uploads\/2016\/07\/biblioteka-jagodina-n.b.-3.jpg\" class=\"attachment-large size-large\" alt=\"\" srcset=\"https:\/\/centralmedia.rs\/wp-content\/uploads\/2016\/07\/biblioteka-jagodina-n.b.-3.jpg 960w, https:\/\/centralmedia.rs\/wp-content\/uploads\/2016\/07\/biblioteka-jagodina-n.b.-3-300x225.jpg 300w, https:\/\/centralmedia.rs\/wp-content\/uploads\/2016\/07\/biblioteka-jagodina-n.b.-3-768x576.jpg 768w, https:\/\/centralmedia.rs\/wp-content\/uploads\/2016\/07\/biblioteka-jagodina-n.b.-3-80x60.jpg 80w, https:\/\/centralmedia.rs\/wp-content\/uploads\/2016\/07\/biblioteka-jagodina-n.b.-3-265x198.jpg 265w\" sizes=\"(max-width: 760px) 100vw, 760px\" \/><\/a>\n\t\t\t<\/div><\/figure><figure class='gallery-item'>\n\t\t\t<div class='gallery-icon landscape'>\n\t\t\t\t<a href='https:\/\/centralmedia.rs\/index.php\/2016\/07\/16\/zbog-izostanka-dnevnih-novina-penzioneri-surfuju-internetom\/biblioteka-jagodina-n-b-4\/'><img loading=\"lazy\" decoding=\"async\" width=\"760\" height=\"570\" src=\"https:\/\/centralmedia.rs\/wp-content\/uploads\/2016\/07\/biblioteka-jagodina-n.b.-4.jpg\" class=\"attachment-large size-large\" alt=\"\" srcset=\"https:\/\/centralmedia.rs\/wp-content\/uploads\/2016\/07\/biblioteka-jagodina-n.b.-4.jpg 960w, https:\/\/centralmedia.rs\/wp-content\/uploads\/2016\/07\/biblioteka-jagodina-n.b.-4-300x225.jpg 300w, https:\/\/centralmedia.rs\/wp-content\/uploads\/2016\/07\/biblioteka-jagodina-n.b.-4-768x576.jpg 768w, https:\/\/centralmedia.rs\/wp-content\/uploads\/2016\/07\/biblioteka-jagodina-n.b.-4-80x60.jpg 80w, https:\/\/centralmedia.rs\/wp-content\/uploads\/2016\/07\/biblioteka-jagodina-n.b.-4-265x198.jpg 265w\" sizes=\"(max-width: 760px) 100vw, 760px\" \/><\/a>\n\t\t\t<\/div><\/figure>\n\t\t<\/div>\n<br \/>\nBez obzira sa trenutnim problemom u nabavci \u0161tampe,  u Narodnoj biblioteci u Jagodini je \u017eivo i tokom leta \u2013 ve\u0107 tradicionalno, odr\u017eavaju se letnje kreativne radionice za osnovce i pred\u0161kolce, na odeljenjima za rad sa korisnicima zaposleni se trude da gra\u0111anima Jagodine preporu\u010de kvalitetne knjige, bilo za letovanje ili odmor u ku\u0107nom ambijentu. Na adresu biblioteke su stigle i knjige iz otkupa Ministarstva kulture, kao i knjige koje se finansiraju iz bud\u017eeta Skup\u0161tine grada Jagodine. Svoj doprinos slici \u017eive, aktivne i nasmenajne \u201eletnje\u201c biblioteke daju i tri mlade volonterke, u\u010denice Gimnazije \u201eSvetozar Markovi\u0107\u201c. Na osnovu sporazuma o saradnji Gradske biblioteke i Gimnazije \u201eSvetozar Markovi\u0107\u201c, u redovnim aktivnostima biblioteke su od ponedeljka, 11. jula u\u010de\u0161\u0107e uzele Aleksandra Petkovi\u0107, Teodora Peri\u0107 i Isidora \u0160i\u0161akovi\u0107. Aleksandra \u0107e vas ljubazno do\u010dekati na Odeljenju za odrasle korisnike, Teodora na De\u010djem odeljenju, dok je Isidora anga\u017eovana u organizaciji kreativnih radionica koje vode bibliotekarke, Jasna Milo\u0161evi\u0107 i Sne\u017eana Vuli\u0107. Kreativne radionice \u0107e se odr\u017eavati tokom celog leta, a u avgustu male zaljubljenike u informacione tehnologije o\u010dekuju radionice programiranja. <\/p>\n","protected":false},"excerpt":{"rendered":"<p>JAGODINA-Izostanak \u0161tampanih izdanja dnevnih novina sa rafova jagodinske Narodne biblioteke, primorao je penzionere, ina\u010de najvernije \u010ditaoce, da savladaju kori\u0161\u0107enje kompjutera i otkriju blagodeti interneta i &hellip; <\/p>\n","protected":false},"author":4,"featured_media":3776,"comment_status":"open","ping_status":"open","sticky":false,"template":"","format":"standard","meta":{"footnotes":""},"categories":[14,2,12],"tags":[981,58,982,728],"_links":{"self":[{"href":"https:\/\/centralmedia.rs\/index.php\/wp-json\/wp\/v2\/posts\/3775"}],"collection":[{"href":"https:\/\/centralmedia.rs\/index.php\/wp-json\/wp\/v2\/posts"}],"about":[{"href":"https:\/\/centralmedia.rs\/index.php\/wp-json\/wp\/v2\/types\/post"}],"author":[{"embeddable":true,"href":"https:\/\/centralmedia.rs\/index.php\/wp-json\/wp\/v2\/users\/4"}],"replies":[{"embeddable":true,"href":"https:\/\/centralmedia.rs\/index.php\/wp-json\/wp\/v2\/comments?post=3775"}],"version-history":[{"count":0,"href":"https:\/\/centralmedia.rs\/index.php\/wp-json\/wp\/v2\/posts\/3775\/revisions"}],"wp:featuredmedia":[{"embeddable":true,"href":"https:\/\/centralmedia.rs\/index.php\/wp-json\/wp\/v2\/media\/3776"}],"wp:attachment":[{"href":"https:\/\/centralmedia.rs\/index.php\/wp-json\/wp\/v2\/media?parent=3775"}],"wp:term":[{"taxonomy":"category","embeddable":true,"href":"https:\/\/centralmedia.rs\/index.php\/wp-json\/wp\/v2\/categories?post=3775"},{"taxonomy":"post_tag","embeddable":true,"href":"https:\/\/centralmedia.rs\/index.php\/wp-json\/wp\/v2\/tags?post=3775"}],"curies":[{"name":"wp","href":"https:\/\/api.w.org\/{rel}","templated":true}]}}