{"id":37770,"date":"2024-02-24T13:21:19","date_gmt":"2024-02-24T12:21:19","guid":{"rendered":"http:\/\/centralmedia.rs\/?p=37770"},"modified":"2024-03-03T20:03:05","modified_gmt":"2024-03-03T19:03:05","slug":"duhovno-predavanje-u-jagodini","status":"publish","type":"post","link":"https:\/\/centralmedia.rs\/index.php\/2024\/02\/24\/duhovno-predavanje-u-jagodini\/","title":{"rendered":"DUHOVNO PREDAVANJE U JAGODINI"},"content":{"rendered":"<p>&nbsp;<\/p>\n<p>JAGODINA- Predavanje protojereja-stavrofora prof. dr Milo\u0161a Vesina u parohijskom domu crkve Svetih Apostola Petra i Pavla u Jagodini. Tema predavanja bila je : \u00a0Za\u0161to smo tako ve\u0161ti u ogovaranju drugih?<\/p>\n<p>-Kada mi se malo vi\u0161e u na\u0161em narodu znalo o srpskim staricama iz \u0110akovice, kao i svima onima koji \u010duvaju ne smo ono \u0161to je njihovo, ve\u0107 i va\u0161e i moje. Ono \u0161to je na\u0161a zajedni\u010dka duhovna naseobina i duhovno nasle\u0111e. Kada bi smo decu tome u\u010dili, druga bi se pesma u ovo zemlji pevala, druga bi se igra igrala, pri\u010dao je Vesin.<\/p>\n<p><img loading=\"lazy\" decoding=\"async\" class=\"alignnone wp-image-37773 size-large\" src=\"http:\/\/centralmedia.rs\/wp-content\/uploads\/2024\/02\/nova-crkva1-768x1024.jpg\" alt=\"\" width=\"640\" height=\"853\" srcset=\"https:\/\/centralmedia.rs\/wp-content\/uploads\/2024\/02\/nova-crkva1-768x1024.jpg 768w, https:\/\/centralmedia.rs\/wp-content\/uploads\/2024\/02\/nova-crkva1-225x300.jpg 225w, https:\/\/centralmedia.rs\/wp-content\/uploads\/2024\/02\/nova-crkva1-315x420.jpg 315w, https:\/\/centralmedia.rs\/wp-content\/uploads\/2024\/02\/nova-crkva1-640x853.jpg 640w, https:\/\/centralmedia.rs\/wp-content\/uploads\/2024\/02\/nova-crkva1-681x908.jpg 681w, https:\/\/centralmedia.rs\/wp-content\/uploads\/2024\/02\/nova-crkva1.jpg 1200w\" sizes=\"(max-width: 640px) 100vw, 640px\" \/><\/p>\n","protected":false},"excerpt":{"rendered":"<p>&nbsp; JAGODINA- Predavanje protojereja-stavrofora prof. dr Milo\u0161a Vesina u parohijskom domu crkve Svetih Apostola Petra i Pavla u Jagodini. Tema predavanja bila je : \u00a0Za\u0161to &hellip; <\/p>\n","protected":false},"author":2,"featured_media":37771,"comment_status":"open","ping_status":"open","sticky":false,"template":"","format":"standard","meta":{"footnotes":""},"categories":[14,1524,1514,12],"tags":[6463,58],"_links":{"self":[{"href":"https:\/\/centralmedia.rs\/index.php\/wp-json\/wp\/v2\/posts\/37770"}],"collection":[{"href":"https:\/\/centralmedia.rs\/index.php\/wp-json\/wp\/v2\/posts"}],"about":[{"href":"https:\/\/centralmedia.rs\/index.php\/wp-json\/wp\/v2\/types\/post"}],"author":[{"embeddable":true,"href":"https:\/\/centralmedia.rs\/index.php\/wp-json\/wp\/v2\/users\/2"}],"replies":[{"embeddable":true,"href":"https:\/\/centralmedia.rs\/index.php\/wp-json\/wp\/v2\/comments?post=37770"}],"version-history":[{"count":2,"href":"https:\/\/centralmedia.rs\/index.php\/wp-json\/wp\/v2\/posts\/37770\/revisions"}],"predecessor-version":[{"id":37774,"href":"https:\/\/centralmedia.rs\/index.php\/wp-json\/wp\/v2\/posts\/37770\/revisions\/37774"}],"wp:featuredmedia":[{"embeddable":true,"href":"https:\/\/centralmedia.rs\/index.php\/wp-json\/wp\/v2\/media\/37771"}],"wp:attachment":[{"href":"https:\/\/centralmedia.rs\/index.php\/wp-json\/wp\/v2\/media?parent=37770"}],"wp:term":[{"taxonomy":"category","embeddable":true,"href":"https:\/\/centralmedia.rs\/index.php\/wp-json\/wp\/v2\/categories?post=37770"},{"taxonomy":"post_tag","embeddable":true,"href":"https:\/\/centralmedia.rs\/index.php\/wp-json\/wp\/v2\/tags?post=37770"}],"curies":[{"name":"wp","href":"https:\/\/api.w.org\/{rel}","templated":true}]}}