{"id":37779,"date":"2024-02-25T19:36:43","date_gmt":"2024-02-25T18:36:43","guid":{"rendered":"http:\/\/centralmedia.rs\/?p=37779"},"modified":"2024-03-03T20:03:15","modified_gmt":"2024-03-03T19:03:15","slug":"sesta-nemacka-investicija","status":"publish","type":"post","link":"https:\/\/centralmedia.rs\/index.php\/2024\/02\/25\/sesta-nemacka-investicija\/","title":{"rendered":"\u0160esta nema\u010dka investicija"},"content":{"rendered":"<p>&nbsp;<\/p>\n<p>SVILAJNAC-Predsednik op\u0161tine Svilajnac Predrag Milanovi\u0107 potpisao je danas Ugovor sa nema\u010dkom firmom \u201eBril\u201d, kojim Svilajnac dobija novog stranog investitora. Kompanija \u201eBril\u201c kupuje plac od 3 hektara na teritoriji Svilajnca, a do kraja godine trebalo bi da zavr\u0161i gradnju fabrike od 1.500m\u00b2, plus\u00a0 jo\u0161 600m\u00b2 poslovnih prostorija. Vrednost investicije je milion i po evra:<\/p>\n<p>\u201eOvo je \u0161esta nema\u010dka investicija u Svilajncu. U ovom trenutku imamo 52 izvoznika, a pro\u0161le godine ostvarili smo rekordni suficit u istoriji Svilajnca od 23,4 miliona dolara, \u0161to nas svrstava u lidera regiona \u201d- istakao je Predrag Milanovi\u0107, predsednik op\u0161tine Svilajnac<\/p>\n<p>Vlasnik kompanije, Hajnrih Bril rekao je da je kompaniji \u201eBrul\u201c ovo prva investicija van Nema\u010dke:<\/p>\n<p>\u201eLokalna samouprava prepoznala je \u0161ta je to \u0161to nama treba i jako brzo smo se odlu\u010dili da gradimo fabriku ba\u0161 u Svilajncu. Ina\u010de, na\u0161a kompanija postoji 40 godina i bavi se proizvodnjom sigurnosnih vrata i ograda. Plan je da do kraja godine zavr\u0161imo gradnju pogona i da zaposlimo 30 radnika\u201c \u2013 rekao je Hajnrih Bril, vlasnik kompanije.<\/p>\n<p>Milanovi\u0107 je istakao da je vi\u0161e faktora uticalo na to da strani investitori, naro\u010dito iz zapadne Evrope, biraju Svilajnac kao mesto za svoje investiranje:<\/p>\n<p>\u201eU poslednjih 15 godina izgradili smo dve industrijske zone i kompletno ih infrastrukturno opremili, osnovali smo slobodnu carinsku zonu i omogu\u0107ili investitorima da se bez velike administracije bave uvozom i izvozom,otvorili smo carinski referat&#8230; Me\u0111utim, jedna od presudnih stvari je uspe\u0161no sprovo\u0111enje dualnog obrazovanja, jer obrazujemo radnu snagu za ove industrije\u201d, ka\u017ee Milanovi\u0107.<\/p>\n","protected":false},"excerpt":{"rendered":"<p>&nbsp; SVILAJNAC-Predsednik op\u0161tine Svilajnac Predrag Milanovi\u0107 potpisao je danas Ugovor sa nema\u010dkom firmom \u201eBril\u201d, kojim Svilajnac dobija novog stranog investitora. Kompanija \u201eBril\u201c kupuje plac od &hellip; <\/p>\n","protected":false},"author":2,"featured_media":37780,"comment_status":"open","ping_status":"open","sticky":false,"template":"","format":"standard","meta":{"footnotes":""},"categories":[22,1524,12,1517],"tags":[673,1479,38],"_links":{"self":[{"href":"https:\/\/centralmedia.rs\/index.php\/wp-json\/wp\/v2\/posts\/37779"}],"collection":[{"href":"https:\/\/centralmedia.rs\/index.php\/wp-json\/wp\/v2\/posts"}],"about":[{"href":"https:\/\/centralmedia.rs\/index.php\/wp-json\/wp\/v2\/types\/post"}],"author":[{"embeddable":true,"href":"https:\/\/centralmedia.rs\/index.php\/wp-json\/wp\/v2\/users\/2"}],"replies":[{"embeddable":true,"href":"https:\/\/centralmedia.rs\/index.php\/wp-json\/wp\/v2\/comments?post=37779"}],"version-history":[{"count":1,"href":"https:\/\/centralmedia.rs\/index.php\/wp-json\/wp\/v2\/posts\/37779\/revisions"}],"predecessor-version":[{"id":37781,"href":"https:\/\/centralmedia.rs\/index.php\/wp-json\/wp\/v2\/posts\/37779\/revisions\/37781"}],"wp:featuredmedia":[{"embeddable":true,"href":"https:\/\/centralmedia.rs\/index.php\/wp-json\/wp\/v2\/media\/37780"}],"wp:attachment":[{"href":"https:\/\/centralmedia.rs\/index.php\/wp-json\/wp\/v2\/media?parent=37779"}],"wp:term":[{"taxonomy":"category","embeddable":true,"href":"https:\/\/centralmedia.rs\/index.php\/wp-json\/wp\/v2\/categories?post=37779"},{"taxonomy":"post_tag","embeddable":true,"href":"https:\/\/centralmedia.rs\/index.php\/wp-json\/wp\/v2\/tags?post=37779"}],"curies":[{"name":"wp","href":"https:\/\/api.w.org\/{rel}","templated":true}]}}