{"id":37815,"date":"2024-02-29T10:26:24","date_gmt":"2024-02-29T09:26:24","guid":{"rendered":"http:\/\/centralmedia.rs\/?p=37815"},"modified":"2024-03-03T20:04:21","modified_gmt":"2024-03-03T19:04:21","slug":"22-prsutijada-2024-u-mackatu","status":"publish","type":"post","link":"https:\/\/centralmedia.rs\/index.php\/2024\/02\/29\/22-prsutijada-2024-u-mackatu\/","title":{"rendered":"22. \u201ePr\u0161utijada 2024\u201c u Ma\u010dkatu"},"content":{"rendered":"<p>&nbsp;<\/p>\n<p>ZLATIBOR-Na prostoru pored osnovne \u0161kole u Ma\u010dkatu, od 1. do 3. marta odr\u017ea\u0107e se po 22. put Sajam suvomesnatih proizvoda \u201ePr\u0161utijada 2024\u201c na kojoj \u0107e svoje ume\u0107e prikazati lokalni proizvo\u0111a\u010di iz Ma\u010dkata i Ka\u010dera. Miljko Radi\u0161i\u0107, \u010dlan Organizacionog odbora ove tradicionalne manifestacije je najavio otvaranje za petak, 1. mart, sa po\u010detkom u 10 \u010dasova, nakon \u010dega \u0107e biti progla\u0161eni ovogodi\u0161nji pobednici. Pr\u0161utijada \u0107e trajati do 3. marta i za posetioce \u0107e biti otvorena od 9 do 18 \u010dasova.<\/p>\n<p>\u201eManifestaciju \u0107e sva tri dana pratiti kulturno-umetni\u010dki program. Prvog dana \u0107e nastupiti Udru\u017eenje gra\u0111ana za negovanje tradicije \u201eZlatibor\u201c sa Zlatibora, drugog dana \u0107e nastupiti deca iz Osnovne \u0161kole \u201eMilivoje Borovi\u0107\u201c iz Ma\u010dkata i tre\u0107eg dana, u 15 \u010dasova, zakazano je izvla\u010denje dobitnika nagradne igre. Nagrade su paketi suvomesnatih proizvoda koje su obezbedili lokalni robni proizvo\u0111a\u010di. Na Pr\u0161utijadi \u0107e ove godine po prvi put\u00a0 u\u010destvovati i u\u010denici srednje Ugostiteljsko-turisti\u010dke \u0161kole iz \u010cajetine koji \u0107e na svom \u0161tandu predstaviti svoje znanje i ume\u0107e u aran\u017eiranju suvomesnatih proizvoda\u201c najavio je program de\u0161avanja na ovogodi\u0161njem sajmu Miljko Radi\u0161i\u0107.<\/p>\n<p>Marko Mari\u0107, direktor PD \u201eZlatiborski eko agrar\u201c\u00a0 je posebno naglasio da je Pr\u0161utijada u Ma\u010dkatu tradicija na kojoj treba raditi i koju treba negovati i unapre\u0111ivati. \u201eMi \u0107emo u\u010diniti dodatne napore da se ova manifestacija \u0161iri i da imamo \u0161to vi\u0161e gostiju sa strane. Kako u takmi\u010darskom, tako i u gostuju\u0107em programu\u201c naveo je Mari\u0107.<\/p>\n<p>Ispred lokalnih proizvo\u0111a\u010da novinarima su se obratile Andrijana Brkovi\u0107, predstavnica porodice Brkovi\u0107, \u010dlan tre\u0107e generacije koja se bavi proizvodnjom suvomesnatih proizvoda i Nata\u0161a And\u017ei\u0107, ispred proizvo\u0111a\u010dke porodice And\u017ei\u0107, koje su obe predstavljale svoje proizvode na svih dosada\u0161njih 22 manifestacije, izraziv\u0161i nadu da \u0107e na sajmu biti dobra poseta i dru\u017eenje, kao i zadovoljavaju\u0107a prodaja izlo\u017eenih proizvoda.<\/p>\n","protected":false},"excerpt":{"rendered":"<p>&nbsp; ZLATIBOR-Na prostoru pored osnovne \u0161kole u Ma\u010dkatu, od 1. do 3. marta odr\u017ea\u0107e se po 22. put Sajam suvomesnatih proizvoda \u201ePr\u0161utijada 2024\u201c na kojoj &hellip; <\/p>\n","protected":false},"author":2,"featured_media":37816,"comment_status":"open","ping_status":"open","sticky":false,"template":"","format":"standard","meta":{"footnotes":""},"categories":[2875,1524,2,16,12],"tags":[3083,3473,2876],"_links":{"self":[{"href":"https:\/\/centralmedia.rs\/index.php\/wp-json\/wp\/v2\/posts\/37815"}],"collection":[{"href":"https:\/\/centralmedia.rs\/index.php\/wp-json\/wp\/v2\/posts"}],"about":[{"href":"https:\/\/centralmedia.rs\/index.php\/wp-json\/wp\/v2\/types\/post"}],"author":[{"embeddable":true,"href":"https:\/\/centralmedia.rs\/index.php\/wp-json\/wp\/v2\/users\/2"}],"replies":[{"embeddable":true,"href":"https:\/\/centralmedia.rs\/index.php\/wp-json\/wp\/v2\/comments?post=37815"}],"version-history":[{"count":1,"href":"https:\/\/centralmedia.rs\/index.php\/wp-json\/wp\/v2\/posts\/37815\/revisions"}],"predecessor-version":[{"id":37817,"href":"https:\/\/centralmedia.rs\/index.php\/wp-json\/wp\/v2\/posts\/37815\/revisions\/37817"}],"wp:featuredmedia":[{"embeddable":true,"href":"https:\/\/centralmedia.rs\/index.php\/wp-json\/wp\/v2\/media\/37816"}],"wp:attachment":[{"href":"https:\/\/centralmedia.rs\/index.php\/wp-json\/wp\/v2\/media?parent=37815"}],"wp:term":[{"taxonomy":"category","embeddable":true,"href":"https:\/\/centralmedia.rs\/index.php\/wp-json\/wp\/v2\/categories?post=37815"},{"taxonomy":"post_tag","embeddable":true,"href":"https:\/\/centralmedia.rs\/index.php\/wp-json\/wp\/v2\/tags?post=37815"}],"curies":[{"name":"wp","href":"https:\/\/api.w.org\/{rel}","templated":true}]}}