{"id":37836,"date":"2024-03-05T18:24:39","date_gmt":"2024-03-05T17:24:39","guid":{"rendered":"http:\/\/centralmedia.rs\/?p=37836"},"modified":"2024-03-12T20:21:07","modified_gmt":"2024-03-12T19:21:07","slug":"iz-jagodine-krenuli-aktuatori-za-ceo-svet","status":"publish","type":"post","link":"https:\/\/centralmedia.rs\/index.php\/2024\/03\/05\/iz-jagodine-krenuli-aktuatori-za-ceo-svet\/","title":{"rendered":"IZ JAGODINE KRENULI AKTUATORI ZA CEO SVET"},"content":{"rendered":"<p>&nbsp;<\/p>\n<p>U Jagodini otvorena fabrika austrijske kompanije \u201c\u0160ibel\u201d koja proizvodi aktuatore i elektroma\u0161inske elemente za rafinerije i nuklearne elektrane bez subvencija dr\u017eave Srbije i grada Jagodine<\/p>\n<p>Vrpcu su presekli ministar unutra\u0161nje i spoljne trgovine u Vladi Srbije Tomislav Momirovi\u0107, predsednik Skup\u0161tine grada Jagodine Dragan Markovi\u0107 Palma, ambasador Austrije u Srbiji Kristijan Ebner i direktor \u0160ibela u Jagodini Gvozden D\u017eelatovi\u0107, a doga\u0111aju je prisustvovao i trgovinski savetnik Privredne komore Austrije u Srbiji Jirgen \u0160reder.<\/p>\n<p>MOMIROVI\u0106 : U ZADNjIH 10 GODINA U SRBIJI 550 000 LjUDI MANjE NA SPISKU NACIONALNE SLU\u017dBE ZA ZASPO\u0160LjAVNjE<\/p>\n<p>\u201cU svoje li\u010dno ime i u ime Ministarstva unutra\u0161nje i spoljne trgovine \u010destitam Draganu Markovi\u0107u Palmi koji je doveo 13 fabrika u Jagodinu, a to je doprinelo velikom razvoju ovog va\u017enog grada. \u0160ibel komponents je ulo\u017eio 2 000 000 evra u svoju fabriku u Jagodini i to pokazuje poverenje u grad Jagodinu i dr\u017eavu Srbiju. U Srbiji trenutno radi 800 kompanija iz Austrije i Austrija je na tre\u0107em mestu najve\u0107ih ulaga\u010da u privredu Srbije i ta saradnja je svake godine sve ve\u0107a. Srbija je apsolutni lider u stranim investicijama u ovom delu Evrope i to nije slu\u010dajno. Samo pro\u0161le godine Srbija bele\u017ei 4 500 000 000 evra stranih investicija i va\u017eno je ista\u0107i da od kada je Aleksandar Vu\u010di\u0107 preuzeo Vladu Srbije pre 10 godina do danas je 550 000 ljudi manje na spisku Nacionalne slu\u017ebe za zapo\u0161ljavanje. To je impresivan broj i Srbija ide ka cilju da 2027. godine prose\u010dna plata bude 1400 evra, a prose\u010dna penzija 620 evra\u201d, rekao je ministar Momirovi\u0107.<\/p>\n<p>PALMA : U SRBIJI POSTOJI SIGURNOST KAPITALA ZAHVALjUJU\u0106I AMBIJENTU KOJI JE STVORIO VU\u010cI\u0106<\/p>\n<p>\u201cPre 3 godine kada sam u Be\u010d vodio 700 studenata, a poznato je da mi nigde ne idemo turisti\u010dki, obi\u0161ao sam kompaniju \u201c\u0160ibel\u201d u Be\u010du i razgovarao sa vlasnikom Klausom \u0160ibelom i za 10 minuta smo se dogovorili da otvori fabriku u Jagodini. Ja sam pre tri dana ponovo razgovarao u Be\u010du sa Klausom \u0160ibelom i rekao mu da treba da pove\u0107a plate radnicima, \u0161to je i obe\u0107ao i tada sam rekao da Srbija nije kao pre 10 i vi\u0161e godina zemlja jeftine radne snage, ve\u0107 kvalitetne radne snage. U Srbiji postoji sigurnost kapitala zahvaljuju\u0107i ambijentu koji je stvorio predsednik Srbije Aleksandar Vu\u010di\u0107. U Srbiji postoji dakle sigurnost kapitala, ne menjaju se poreske stope, najjeftiniji su struja i gas i zbog svega toga strani investitori mogu da pove\u0107aju plate radnicima. Kompanija \u0160ibel otvorila je fabriku u Jagodini bez subvencija i dr\u017eave Srbije i grada Jagodine, a grad Jagodina je obezbedio ovoj kompaniji sve uslove za po\u010detak rada. Ja samo do sada u Jagodinu doveo 13 stranih inevstitora, a o\u010dekujemo ve\u0107 ove godine jo\u0161 4 nema\u010dke fabrike i jednu austrijsku, kompanija Fi\u0161er pro\u0161iruje svoje kapacitete, a nema\u010dka kompanija \u0160ot farm zavr\u0161ava svoju fabriku gde \u0107e proizvoditi epruvete za ceo svet\u201d, rekao je Markovi\u0107. Ambasador Austrije u Srbiji Kristijan Ebner rekao je da su grad Jagodina i Republika Srbija prijateljski prema Austriji i zato se u Jagodini, kako je rekao, ose\u0107a veoma prijatno. \u201cSrbija i Jagodina nude veoma kvalitetnu radnu snagu i fabrika \u201c\u0160ibel\u201d je odli\u010dan primer prijateljskih i dobrih odnosa Austrije i Srbije, Austrije i Jagodine i to je dokaz koliko veliko poverenje Austrija ima u ovaj grad i dr\u017eavu Srbiju\u201d, rekao je ambasador Ebner. Trgovinski savetnik austrijske Privredne komore u Beogradu Jirgen \u0160reder rekao je da je dovo\u0111enje u Jagodinu proizvoda bez konkurencije u svetu, a tu su aktuatori za nuklerane elektrane i rafnijerije koje proizvodi \u0160ibel, veliki uspeh za Jagodinu i Srbiju. \u201cOvi aktuatori obezbe\u0111uju struju i kada je nema i iz Jagodine \u0107e se plasirati \u0161irom sveta\u201d, rekao je \u0160reder. Direktor \u201c\u0160ibela\u201d u Jagodini Gvozden D\u017eelatovi\u0107 rekao je da trenutno u ovoj fabrici radi 20 radnika, a do kraja avgusta \u0107e ih biti ve\u0107 40 i zahvalio se na velikoj podr\u0161ci Gradu Jagodini.<\/p>\n","protected":false},"excerpt":{"rendered":"<p>&nbsp; U Jagodini otvorena fabrika austrijske kompanije \u201c\u0160ibel\u201d koja proizvodi aktuatore i elektroma\u0161inske elemente za rafinerije i nuklearne elektrane bez subvencija dr\u017eave Srbije i grada &hellip; <\/p>\n","protected":false},"author":2,"featured_media":37837,"comment_status":"open","ping_status":"open","sticky":false,"template":"","format":"standard","meta":{"footnotes":""},"categories":[22,1524,2,1514,12],"tags":[58,120,4708],"_links":{"self":[{"href":"https:\/\/centralmedia.rs\/index.php\/wp-json\/wp\/v2\/posts\/37836"}],"collection":[{"href":"https:\/\/centralmedia.rs\/index.php\/wp-json\/wp\/v2\/posts"}],"about":[{"href":"https:\/\/centralmedia.rs\/index.php\/wp-json\/wp\/v2\/types\/post"}],"author":[{"embeddable":true,"href":"https:\/\/centralmedia.rs\/index.php\/wp-json\/wp\/v2\/users\/2"}],"replies":[{"embeddable":true,"href":"https:\/\/centralmedia.rs\/index.php\/wp-json\/wp\/v2\/comments?post=37836"}],"version-history":[{"count":1,"href":"https:\/\/centralmedia.rs\/index.php\/wp-json\/wp\/v2\/posts\/37836\/revisions"}],"predecessor-version":[{"id":37838,"href":"https:\/\/centralmedia.rs\/index.php\/wp-json\/wp\/v2\/posts\/37836\/revisions\/37838"}],"wp:featuredmedia":[{"embeddable":true,"href":"https:\/\/centralmedia.rs\/index.php\/wp-json\/wp\/v2\/media\/37837"}],"wp:attachment":[{"href":"https:\/\/centralmedia.rs\/index.php\/wp-json\/wp\/v2\/media?parent=37836"}],"wp:term":[{"taxonomy":"category","embeddable":true,"href":"https:\/\/centralmedia.rs\/index.php\/wp-json\/wp\/v2\/categories?post=37836"},{"taxonomy":"post_tag","embeddable":true,"href":"https:\/\/centralmedia.rs\/index.php\/wp-json\/wp\/v2\/tags?post=37836"}],"curies":[{"name":"wp","href":"https:\/\/api.w.org\/{rel}","templated":true}]}}