{"id":37870,"date":"2024-03-12T20:31:09","date_gmt":"2024-03-12T19:31:09","guid":{"rendered":"http:\/\/centralmedia.rs\/?p=37870"},"modified":"2024-03-18T00:59:35","modified_gmt":"2024-03-17T23:59:35","slug":"15-svilajnacki-pokladni-maskenbal","status":"publish","type":"post","link":"https:\/\/centralmedia.rs\/index.php\/2024\/03\/12\/15-svilajnacki-pokladni-maskenbal\/","title":{"rendered":"15. SVILAJNA\u010cKI POKLADNI MASKENBAL"},"content":{"rendered":"<p>&nbsp;<\/p>\n<p>SVILAJNAC-15. Pokladni maskenbal u Svilajncu bi\u0107e odr\u017ean u nedelju 17. marta. Okupljanje po\u010dinje od 11 \u010dasova u Parku Evropskog prijateljstva. Defile \u0107e se kretati ulicama Svilajnca i zavr\u0161i\u0107e na Trgu Stevana Sin\u0111eli\u0107a gde \u0107e biti prire\u0111eno paljenje pokladne vatre, poslu\u017eenje i bogat zabavni program. Nastupi\u0107e Ivana Peters, uli\u010dni zabavlja\u010di i specijalni gosti: Belocrkvanske ma\u017eoretkinje sa juniorskim i kadetskim sastavom i \u201cDram dum\u201d \u0161kola mladih bubnjara iz Leskovca. Posetioci manifestacije \u0107e biti u prilici da podr\u017ee humanitarnu akciju prikupljanja novca za hitnu operaciju Davida Panti\u0107a (12).<\/p>\n<p><img loading=\"lazy\" decoding=\"async\" class=\"alignnone wp-image-37871 size-large\" src=\"http:\/\/centralmedia.rs\/wp-content\/uploads\/2024\/03\/poklade-837x1024.jpg\" alt=\"\" width=\"640\" height=\"783\" srcset=\"https:\/\/centralmedia.rs\/wp-content\/uploads\/2024\/03\/poklade-837x1024.jpg 837w, https:\/\/centralmedia.rs\/wp-content\/uploads\/2024\/03\/poklade-245x300.jpg 245w, https:\/\/centralmedia.rs\/wp-content\/uploads\/2024\/03\/poklade-768x939.jpg 768w, https:\/\/centralmedia.rs\/wp-content\/uploads\/2024\/03\/poklade-343x420.jpg 343w, https:\/\/centralmedia.rs\/wp-content\/uploads\/2024\/03\/poklade-640x783.jpg 640w, https:\/\/centralmedia.rs\/wp-content\/uploads\/2024\/03\/poklade-681x833.jpg 681w, https:\/\/centralmedia.rs\/wp-content\/uploads\/2024\/03\/poklade.jpg 1080w\" sizes=\"(max-width: 640px) 100vw, 640px\" \/><\/p>\n","protected":false},"excerpt":{"rendered":"<p>&nbsp; SVILAJNAC-15. Pokladni maskenbal u Svilajncu bi\u0107e odr\u017ean u nedelju 17. marta. Okupljanje po\u010dinje od 11 \u010dasova u Parku Evropskog prijateljstva. Defile \u0107e se kretati &hellip; <\/p>\n","protected":false},"author":2,"featured_media":37871,"comment_status":"open","ping_status":"open","sticky":false,"template":"","format":"standard","meta":{"footnotes":""},"categories":[1524,2,15,12,1517],"tags":[3555,38],"_links":{"self":[{"href":"https:\/\/centralmedia.rs\/index.php\/wp-json\/wp\/v2\/posts\/37870"}],"collection":[{"href":"https:\/\/centralmedia.rs\/index.php\/wp-json\/wp\/v2\/posts"}],"about":[{"href":"https:\/\/centralmedia.rs\/index.php\/wp-json\/wp\/v2\/types\/post"}],"author":[{"embeddable":true,"href":"https:\/\/centralmedia.rs\/index.php\/wp-json\/wp\/v2\/users\/2"}],"replies":[{"embeddable":true,"href":"https:\/\/centralmedia.rs\/index.php\/wp-json\/wp\/v2\/comments?post=37870"}],"version-history":[{"count":1,"href":"https:\/\/centralmedia.rs\/index.php\/wp-json\/wp\/v2\/posts\/37870\/revisions"}],"predecessor-version":[{"id":37872,"href":"https:\/\/centralmedia.rs\/index.php\/wp-json\/wp\/v2\/posts\/37870\/revisions\/37872"}],"wp:featuredmedia":[{"embeddable":true,"href":"https:\/\/centralmedia.rs\/index.php\/wp-json\/wp\/v2\/media\/37871"}],"wp:attachment":[{"href":"https:\/\/centralmedia.rs\/index.php\/wp-json\/wp\/v2\/media?parent=37870"}],"wp:term":[{"taxonomy":"category","embeddable":true,"href":"https:\/\/centralmedia.rs\/index.php\/wp-json\/wp\/v2\/categories?post=37870"},{"taxonomy":"post_tag","embeddable":true,"href":"https:\/\/centralmedia.rs\/index.php\/wp-json\/wp\/v2\/tags?post=37870"}],"curies":[{"name":"wp","href":"https:\/\/api.w.org\/{rel}","templated":true}]}}