{"id":37889,"date":"2024-03-16T17:38:01","date_gmt":"2024-03-16T16:38:01","guid":{"rendered":"http:\/\/centralmedia.rs\/?p=37889"},"modified":"2024-03-21T01:34:14","modified_gmt":"2024-03-21T00:34:14","slug":"50-festival-dani-komedije-u-ateljeu-212","status":"publish","type":"post","link":"https:\/\/centralmedia.rs\/index.php\/2024\/03\/16\/50-festival-dani-komedije-u-ateljeu-212\/","title":{"rendered":"PROMOCIJA 50. FESTIVALA DANI KOMEDIJE U \u201cATELJEU 212\u201d"},"content":{"rendered":"<p>&nbsp;<\/p>\n<p>BEOGRAD- U beogradskom \u00a0Ateljeu 212 predstavljen je medijima jubilarni 50. festival Dani komedije, koji se odr\u017eava od 20. do 27. marta u Jagodini. \u00a0Odigrano je 400 predstava, 180 hiljada gledalaca, hiljade pozori\u0161nih umetnika prodefilovalo je u proteklih pet decenija. Osam Velikih povelja festivala bi\u0107e uru\u010deno za razvoj festivala tri institucijama i Radomiru Putniku, Aleskandru Avramovi\u0107u, \u017divoradu \u0110or\u0111evi\u0107u, Slobodanu \u0160teti\u0107u i posthumno Dobrici Mli\u0107evi\u0107u. \u00a0Nagrada za \u017eivotno delo Zlatni \u0107uran bi\u0107e uru\u010dena glumici Olgi Odanovi\u0107 . Predsednik \u017dirija bi\u0107e Svetislav Bule Gonci\u0107, a \u010dlanovi \u017deljko Jovanovi\u0107 pozori\u0161ni kriti\u010dar i rediteljka \u0110ur\u0111a Te\u0161i\u0107. O zna\u010daju festival, takmi\u010darskom i prate\u0107em programu, kao i o kapitalnom delu, monografiji pod nazivom POLA VEKA BORBE ZA SMEH koja je nedavno ugledala svetlost dana, govorili su direktorka jagodinskog Kulturnog centra Zorica Stojinovi\u0107, Neboj\u0161a Bradi\u0107, umetni\u010dki direktor. Selektor festival Aleksandar Milosavljevi\u0107 govorio je selekciji predstava i rekao da samo smehom mo\u017eemo da se suprotstavimo apsurdu.<\/p>\n<p>Festival \u0107e 20. \u00a0marta otvoriti glumac Sa\u0161a Torlakovi\u0107, te ve\u010deri bi\u0107e igrana predstava RAZVOJNI PUT BORE \u0160NAJDERA &#8211; Jugoslovensko dramsko pozori\u0161te, 21. marta VANJA, SONJA, MA\u0160A I OSTALI &#8211; Atelje 212, 22. marta \u00a0\u00a0BRAVO ZA KLOVNA &#8211; Narodno pozori\u0161te Subotica, 23. marta LJUBINKO I DESANKA &#8211; Narodno pozori\u0161te \u201eTo\u0161a Jovanovi\u0107\u201d, 24. marta RADOVAN TRE\u0106I &#8211; Narodno pozori\u0161te Sombor, 25. marta \u00a0BILO JEDNOM NA BRIJUNIMA &#8211; Bitef teatar i 26. marta \u00a0\u0106ELAVA PEVA\u010cICA &#8211; Centar za kulturu Tivat. U \u010dest nagra\u0111enih \u00a027. Marta predstava DE\u010cIJE POVREDE- Narodno pozori\u0161te Beograd<\/p>\n<p>&nbsp;<\/p>\n<p>PRATE\u0106I PROGRAM 2024.<\/p>\n<p>Ponedeljak, 18. mart<\/p>\n<p>Kulturni centar Jagodina u 20.00<\/p>\n<p>\u201eSile u vazduhu\u201c<\/p>\n<p>Re\u017eija: Jovana Krsti\u0107<\/p>\n<p>KRU\u0160EVA\u010cKO POZORI\u0160TE<\/p>\n<p>&nbsp;<\/p>\n<p>Sreda, 20. mart<\/p>\n<p>Galerija Kulturnog centra u 18.00<\/p>\n<p>Otvaranje izlo\u017ebe<\/p>\n<p>Festival \u201eDani komedije\u201c \u2013 po\u010deci i trajanje (1969 \u2013 1972 \u2013 2023)<\/p>\n<p>Promocija Monografije \u201ePola veka borbe za smeh \u2013 Dani komedije, prvih pedeset godina\u201c,<\/p>\n<p>U\u010destvuju: autor Aleksandar Milosavljevi\u0107, Zorica Stojinovi\u0107, Neboj\u0161a Bradi\u0107, \u017divorad \u0110or\u0111evi\u0107, Slobodan \u0160teti\u0107<\/p>\n<p>Dodela specijalnih priznanja za doprinos razvoju festivala<\/p>\n<p>&nbsp;<\/p>\n<p>\u010cetvrtak, 21. mart<\/p>\n<p>&nbsp;<\/p>\n<p>Galerija Kulturnog centra u 19.00<\/p>\n<p>Promocija Monografije \u201eSa Cvejom\u201c<\/p>\n<p>U\u010destvuju: Beka Vu\u010do, Aleksandar Milosavljevi\u0107 i Ksenija Radulovi\u0107<\/p>\n<p>&nbsp;<\/p>\n<p>Petak, 22. mart<\/p>\n<p>Galerija Kulturnog centra u 19.00<\/p>\n<p>Promocija knjige \u201eDrugih pet\u201c \u2013Drame nagra\u0111ene na Festivalu praizvedenih predstava u Aleksincu<\/p>\n<p>U\u010destuju: autor Milivoje Mla\u0111enovi\u0107, Neboj\u0161a Bradi\u0107 pozori\u0161ni reditelj, Aleksandar Milosavljevi\u0107, pozori\u0161ni kriti\u010dar i teatrolog I Milo\u0161 Paovi\u0107, urednik Centra za kulturu Aleksinac<\/p>\n<p>&nbsp;<\/p>\n<p>Subota, 23.mart<\/p>\n<p>Fakultet pedago\u0161kih nauka 12.00 \u010dasova<\/p>\n<p>Okrugli sto \u2013 \u201e\u0160ta je danas sme\u0161no?\u201c<\/p>\n<p>Organizatori: Kulturni centar Jagodina i Udru\u017eenje pozori\u0161nih kriti\u010dara i teatrologa Srbije<\/p>\n<p>Za u\u010de\u0161\u0107e na tribini pozvani su: Ivan Medenica, Dragan Petrovi\u0107 Pele, \u017deljko Jovanovi\u0107, \u0110ur\u0111a Te\u0161i\u0107, Sa\u0161a Torlakovi\u0107, Aleksandra Glovacki, Bojana Kova\u010devi\u0107, Marina Milivojevi\u0107 Ma\u0111arev, Milivoje Mla\u0111enovi\u0107, \u017deljko Huba\u010d, Miroslav Miki Radonji\u0107, Andrej \u010canji, Bora Mati\u0107<\/p>\n<p>Moderatori: Neboj\u0161a Bradi\u0107, reditelj i Aleksandar Milosavljevi\u0107, pozori\u0161ni kriti\u010dar i teatrolog<\/p>\n<p>&nbsp;<\/p>\n<p>Kulturni centar Jagodina u 19.00<\/p>\n<p>Promocija izdanja Sterijinog pozorja iz Novog Sada i \u010dasopisa za pozori\u0161nu umetnost \u201eSCENA\u201c<\/p>\n<p>U\u010destvuju: Miroslav Miki Radonji\u0107, direktor Sterijinog pozorja, Milo\u0161 Latinovi\u0107, glavni i odgovorni urednik \u010dasopisa SCENA i Aleksandar Milosavljevi\u0107, pozori\u0161ni kriti\u010dar i teatrolog<\/p>\n<p>&nbsp;<\/p>\n<p>Ponedeljak, 25. mart<\/p>\n<p>Kulturni centar Jagodina u 10.00<\/p>\n<p>Tode Nikoleti\u0107<\/p>\n<p>\u201ePut po svetu na trotinetu\u201c<\/p>\n<p>Re\u017eija: Bojan Miloradovi\u0107<\/p>\n<p>GRADSKO POZORI\u0160TE JAGODINA<\/p>\n<p>&nbsp;<\/p>\n<p>Galerija Kulturnog centra u 19.00<\/p>\n<p>Promocija pozori\u0161nih novina LUDUS<\/p>\n<p>U\u010destvuju: Tatjana Nje\u017ei\u0107, urednik \u010dasopisa i Aleksandar Milosavljevi\u0107, pozori\u0161ni kriti\u010dar i teatrolog<\/p>\n<p>&nbsp;<\/p>\n<p>Utorak, 26. mart<\/p>\n<p>Fakultet pedago\u0161kih nauka 17.00 \u010dasova<\/p>\n<p>Predavanje \u2013 \u201ePriroda smeha\u201c<\/p>\n<p>Govori: Neboj\u0161a Rom\u010devi\u0107, dramski pisac<\/p>\n<p>&nbsp;<\/p>\n<p>Galerija Kulturnog centra Jagodina u 19.00<\/p>\n<p>Muzi\u010dki program \u2013 Dule Resavac<\/p>\n<p>&nbsp;<\/p>\n","protected":false},"excerpt":{"rendered":"<p>&nbsp; BEOGRAD- U beogradskom \u00a0Ateljeu 212 predstavljen je medijima jubilarni 50. festival Dani komedije, koji se odr\u017eava od 20. do 27. marta u Jagodini. \u00a0Odigrano &hellip; <\/p>\n","protected":false},"author":2,"featured_media":37890,"comment_status":"open","ping_status":"open","sticky":false,"template":"","format":"standard","meta":{"footnotes":""},"categories":[1524,2,1514,15,12],"tags":[506,58],"_links":{"self":[{"href":"https:\/\/centralmedia.rs\/index.php\/wp-json\/wp\/v2\/posts\/37889"}],"collection":[{"href":"https:\/\/centralmedia.rs\/index.php\/wp-json\/wp\/v2\/posts"}],"about":[{"href":"https:\/\/centralmedia.rs\/index.php\/wp-json\/wp\/v2\/types\/post"}],"author":[{"embeddable":true,"href":"https:\/\/centralmedia.rs\/index.php\/wp-json\/wp\/v2\/users\/2"}],"replies":[{"embeddable":true,"href":"https:\/\/centralmedia.rs\/index.php\/wp-json\/wp\/v2\/comments?post=37889"}],"version-history":[{"count":2,"href":"https:\/\/centralmedia.rs\/index.php\/wp-json\/wp\/v2\/posts\/37889\/revisions"}],"predecessor-version":[{"id":37892,"href":"https:\/\/centralmedia.rs\/index.php\/wp-json\/wp\/v2\/posts\/37889\/revisions\/37892"}],"wp:featuredmedia":[{"embeddable":true,"href":"https:\/\/centralmedia.rs\/index.php\/wp-json\/wp\/v2\/media\/37890"}],"wp:attachment":[{"href":"https:\/\/centralmedia.rs\/index.php\/wp-json\/wp\/v2\/media?parent=37889"}],"wp:term":[{"taxonomy":"category","embeddable":true,"href":"https:\/\/centralmedia.rs\/index.php\/wp-json\/wp\/v2\/categories?post=37889"},{"taxonomy":"post_tag","embeddable":true,"href":"https:\/\/centralmedia.rs\/index.php\/wp-json\/wp\/v2\/tags?post=37889"}],"curies":[{"name":"wp","href":"https:\/\/api.w.org\/{rel}","templated":true}]}}