{"id":37915,"date":"2024-03-18T00:03:50","date_gmt":"2024-03-17T23:03:50","guid":{"rendered":"http:\/\/centralmedia.rs\/?p=37915"},"modified":"2024-03-20T16:38:03","modified_gmt":"2024-03-20T15:38:03","slug":"50-hiljada-jagodinca-putovalo-u-inostranstvo-u-organizaciji-grada-jagodina","status":"publish","type":"post","link":"https:\/\/centralmedia.rs\/index.php\/2024\/03\/18\/50-hiljada-jagodinca-putovalo-u-inostranstvo-u-organizaciji-grada-jagodina\/","title":{"rendered":"50 HILJADA JAGODINCA PUTOVALO U INOSTRANSTVO U ORGANIZACIJI GRADA JAGODINA"},"content":{"rendered":"<p>&nbsp;<\/p>\n<p>JAGODINA- U organizaciji Grada Jagodina delegacija od 300 \u010dlanova ve\u010deras po\u0161la put Be\u010da glavnog grada Austrije, gde \u0107e boraviti od 18. do 20. marta. U delegaciji su taksisti, frizeri i kozmeti\u010dari, dobrovoljni davaoci krvi, predstavnici laboratorija, samostalnih trgovinskih i zanatskih radnji, prodavnica, cve\u0107ara, butika. Tro\u0161ak putovanja, kao i poslednjiih 16 godina pla\u0107aju donatori. O tome zamenica gradona\u010delnika Sne\u017eana Vuka\u0161inovi\u0107 ka\u017ee da je jedan o donator Jedinstvena Srbija. Pomenula je da je kroz ovakva putovanja pro\u0161lo 50 hiljada gra\u0111ana Jagodine, me\u0111u kojima su bili oni koji nikada nisu pre\u0161li granicu ili su prvi put videli more. Podsetila je da je Be\u010d jedna od prestonica Evrope.<\/p>\n<div id='gallery-1' class='gallery galleryid-37915 gallery-columns-2 gallery-size-thumbnail'><figure class='gallery-item'>\n\t\t\t<div class='gallery-icon landscape'>\n\t\t\t\t<a href='https:\/\/centralmedia.rs\/index.php\/2024\/03\/18\/50-hiljada-jagodinca-putovalo-u-inostranstvo-u-organizaciji-grada-jagodina\/put-bec-2\/'><img loading=\"lazy\" decoding=\"async\" width=\"150\" height=\"150\" src=\"https:\/\/centralmedia.rs\/wp-content\/uploads\/2024\/03\/put-bec-2-150x150.jpg\" class=\"attachment-thumbnail size-thumbnail\" alt=\"\" \/><\/a>\n\t\t\t<\/div><\/figure><figure class='gallery-item'>\n\t\t\t<div class='gallery-icon landscape'>\n\t\t\t\t<a href='https:\/\/centralmedia.rs\/index.php\/2024\/03\/18\/50-hiljada-jagodinca-putovalo-u-inostranstvo-u-organizaciji-grada-jagodina\/put-bec-3\/'><img loading=\"lazy\" decoding=\"async\" width=\"150\" height=\"150\" src=\"https:\/\/centralmedia.rs\/wp-content\/uploads\/2024\/03\/put-bec-3-150x150.jpg\" class=\"attachment-thumbnail size-thumbnail\" alt=\"\" \/><\/a>\n\t\t\t<\/div><\/figure>\n\t\t<\/div>\n\n<p>&nbsp;<\/p>\n","protected":false},"excerpt":{"rendered":"<p>&nbsp; JAGODINA- U organizaciji Grada Jagodina delegacija od 300 \u010dlanova ve\u010deras po\u0161la put Be\u010da glavnog grada Austrije, gde \u0107e boraviti od 18. do 20. marta. &hellip; <\/p>\n","protected":false},"author":2,"featured_media":37916,"comment_status":"open","ping_status":"open","sticky":false,"template":"","format":"standard","meta":{"footnotes":""},"categories":[1524,2,1514,13,12],"tags":[209,58],"_links":{"self":[{"href":"https:\/\/centralmedia.rs\/index.php\/wp-json\/wp\/v2\/posts\/37915"}],"collection":[{"href":"https:\/\/centralmedia.rs\/index.php\/wp-json\/wp\/v2\/posts"}],"about":[{"href":"https:\/\/centralmedia.rs\/index.php\/wp-json\/wp\/v2\/types\/post"}],"author":[{"embeddable":true,"href":"https:\/\/centralmedia.rs\/index.php\/wp-json\/wp\/v2\/users\/2"}],"replies":[{"embeddable":true,"href":"https:\/\/centralmedia.rs\/index.php\/wp-json\/wp\/v2\/comments?post=37915"}],"version-history":[{"count":1,"href":"https:\/\/centralmedia.rs\/index.php\/wp-json\/wp\/v2\/posts\/37915\/revisions"}],"predecessor-version":[{"id":37919,"href":"https:\/\/centralmedia.rs\/index.php\/wp-json\/wp\/v2\/posts\/37915\/revisions\/37919"}],"wp:featuredmedia":[{"embeddable":true,"href":"https:\/\/centralmedia.rs\/index.php\/wp-json\/wp\/v2\/media\/37916"}],"wp:attachment":[{"href":"https:\/\/centralmedia.rs\/index.php\/wp-json\/wp\/v2\/media?parent=37915"}],"wp:term":[{"taxonomy":"category","embeddable":true,"href":"https:\/\/centralmedia.rs\/index.php\/wp-json\/wp\/v2\/categories?post=37915"},{"taxonomy":"post_tag","embeddable":true,"href":"https:\/\/centralmedia.rs\/index.php\/wp-json\/wp\/v2\/tags?post=37915"}],"curies":[{"name":"wp","href":"https:\/\/api.w.org\/{rel}","templated":true}]}}