{"id":37941,"date":"2024-03-20T16:34:13","date_gmt":"2024-03-20T15:34:13","guid":{"rendered":"http:\/\/centralmedia.rs\/?p=37941"},"modified":"2024-03-24T14:49:28","modified_gmt":"2024-03-24T13:49:28","slug":"palma-u-becu-okupio-srpske-privrednike-i-pozvao-ih-da-se-vrate-u-srbiju","status":"publish","type":"post","link":"https:\/\/centralmedia.rs\/index.php\/2024\/03\/20\/palma-u-becu-okupio-srpske-privrednike-i-pozvao-ih-da-se-vrate-u-srbiju\/","title":{"rendered":"PALMA U BE\u010cU OKUPIO SRPSKE PRIVREDNIKE I POZVAO IH DA SE VRATE U SRBIJU"},"content":{"rendered":"<p>&nbsp;<\/p>\n<p>Predsednik Jedinstvene Srbije Dragan Markovi\u0107 Palma sastao se u Be\u010du sa najpoznatijim srpskim privrednicima u austrijskoj prestonici predvo\u0111enim vi\u0161e puta nagra\u0111ivanim privrednikom Austrije Zoranom Kalabi\u0107em iz kompanije ERA IMOBILIEN koja se bavi nekretninama. Predsednik Kluba srpskih privrednika u Austriji Ostoja Mati\u0107 rekao je da je taj Klub namerava da pru\u017ei maksimalnu pomo\u0107 u ja\u010danju veza austrijskih i srpskih privrednika. Dragan Markovi\u0107 Palma je izjavio da u Srbiji vlada sigurnost kapitala i ekonomska i politi\u010dka stabilnost i pozvao srpske privrednike u Austriji da ula\u017eu u Srbiji i otvaraju nova radna mesta.<\/p>\n<p>U Skup\u0161tini Austrije u Be\u010du odr\u017ean sastanak delegacija iz Srbije i Austrije koji su predvodili predsednici Grupa prijateljstva Srbije i Austrije dva parlamenta Dragan Markovi\u0107 Palma I Gudrun Kugler<\/p>\n","protected":false},"excerpt":{"rendered":"<p>&nbsp; Predsednik Jedinstvene Srbije Dragan Markovi\u0107 Palma sastao se u Be\u010du sa najpoznatijim srpskim privrednicima u austrijskoj prestonici predvo\u0111enim vi\u0161e puta nagra\u0111ivanim privrednikom Austrije Zoranom &hellip; <\/p>\n","protected":false},"author":2,"featured_media":37942,"comment_status":"open","ping_status":"open","sticky":false,"template":"","format":"standard","meta":{"footnotes":""},"categories":[1524,2,1514,13,12],"tags":[209,120,1536],"_links":{"self":[{"href":"https:\/\/centralmedia.rs\/index.php\/wp-json\/wp\/v2\/posts\/37941"}],"collection":[{"href":"https:\/\/centralmedia.rs\/index.php\/wp-json\/wp\/v2\/posts"}],"about":[{"href":"https:\/\/centralmedia.rs\/index.php\/wp-json\/wp\/v2\/types\/post"}],"author":[{"embeddable":true,"href":"https:\/\/centralmedia.rs\/index.php\/wp-json\/wp\/v2\/users\/2"}],"replies":[{"embeddable":true,"href":"https:\/\/centralmedia.rs\/index.php\/wp-json\/wp\/v2\/comments?post=37941"}],"version-history":[{"count":1,"href":"https:\/\/centralmedia.rs\/index.php\/wp-json\/wp\/v2\/posts\/37941\/revisions"}],"predecessor-version":[{"id":37943,"href":"https:\/\/centralmedia.rs\/index.php\/wp-json\/wp\/v2\/posts\/37941\/revisions\/37943"}],"wp:featuredmedia":[{"embeddable":true,"href":"https:\/\/centralmedia.rs\/index.php\/wp-json\/wp\/v2\/media\/37942"}],"wp:attachment":[{"href":"https:\/\/centralmedia.rs\/index.php\/wp-json\/wp\/v2\/media?parent=37941"}],"wp:term":[{"taxonomy":"category","embeddable":true,"href":"https:\/\/centralmedia.rs\/index.php\/wp-json\/wp\/v2\/categories?post=37941"},{"taxonomy":"post_tag","embeddable":true,"href":"https:\/\/centralmedia.rs\/index.php\/wp-json\/wp\/v2\/tags?post=37941"}],"curies":[{"name":"wp","href":"https:\/\/api.w.org\/{rel}","templated":true}]}}