{"id":37944,"date":"2024-03-20T16:36:17","date_gmt":"2024-03-20T15:36:17","guid":{"rendered":"http:\/\/centralmedia.rs\/?p=37944"},"modified":"2024-03-24T14:49:21","modified_gmt":"2024-03-24T13:49:21","slug":"prolecni-radovi","status":"publish","type":"post","link":"https:\/\/centralmedia.rs\/index.php\/2024\/03\/20\/prolecni-radovi\/","title":{"rendered":"PROLE\u0106NI RADOVI"},"content":{"rendered":"<p>&nbsp;<\/p>\n<p>SVILAJNAC-U op\u0161tini Svilajnac po\u010delo se sa redovnim prole\u0107nim radovima i sre\u0111ivanjem puteva, a danas je predsednik op\u0161tine Predrag Milanovi\u0107 obi\u0161ao sre\u0111ivanje puta za svilajna\u010dko brdo:<\/p>\n<p>&#8220;Ove godine imamo ambiciozan plan, da prvo pro\u0111emo sve puteve i da ih sredimo u ve\u0107em obimu nego do sada. Plan nam je da od ponedeljka krenemo sa svim ma\u0161inama po svim mesnim zajednicama da sredimo puteve koji su o\u0161te\u0107eni tokom zime i onda da za nekih petnaest dana krenemo razvo\u017eenje kamena na svim putevim koje smo do sad odr\u017eavali, ali na nekim novim\u201c \u2013 izjavio je Milanovi\u0107 i dodao da je ovo jedan od puteva koji je u planu da se u narednom periodu asfaltira, jer \u0107e biti jedan od priklju\u010daka na obilaznicu koja je u planu.<\/p>\n<p><img loading=\"lazy\" decoding=\"async\" class=\"alignnone wp-image-37946 size-full\" src=\"http:\/\/centralmedia.rs\/wp-content\/uploads\/2024\/03\/radovi-2.png\" alt=\"\" width=\"796\" height=\"474\" srcset=\"https:\/\/centralmedia.rs\/wp-content\/uploads\/2024\/03\/radovi-2.png 796w, https:\/\/centralmedia.rs\/wp-content\/uploads\/2024\/03\/radovi-2-300x179.png 300w, https:\/\/centralmedia.rs\/wp-content\/uploads\/2024\/03\/radovi-2-768x457.png 768w, https:\/\/centralmedia.rs\/wp-content\/uploads\/2024\/03\/radovi-2-705x420.png 705w, https:\/\/centralmedia.rs\/wp-content\/uploads\/2024\/03\/radovi-2-640x381.png 640w, https:\/\/centralmedia.rs\/wp-content\/uploads\/2024\/03\/radovi-2-681x406.png 681w\" sizes=\"(max-width: 796px) 100vw, 796px\" \/><\/p>\n","protected":false},"excerpt":{"rendered":"<p>&nbsp; SVILAJNAC-U op\u0161tini Svilajnac po\u010delo se sa redovnim prole\u0107nim radovima i sre\u0111ivanjem puteva, a danas je predsednik op\u0161tine Predrag Milanovi\u0107 obi\u0161ao sre\u0111ivanje puta za svilajna\u010dko &hellip; <\/p>\n","protected":false},"author":2,"featured_media":37945,"comment_status":"open","ping_status":"open","sticky":false,"template":"","format":"standard","meta":{"footnotes":""},"categories":[1524,2,887,16,12,1517,5785],"tags":[3295,38],"_links":{"self":[{"href":"https:\/\/centralmedia.rs\/index.php\/wp-json\/wp\/v2\/posts\/37944"}],"collection":[{"href":"https:\/\/centralmedia.rs\/index.php\/wp-json\/wp\/v2\/posts"}],"about":[{"href":"https:\/\/centralmedia.rs\/index.php\/wp-json\/wp\/v2\/types\/post"}],"author":[{"embeddable":true,"href":"https:\/\/centralmedia.rs\/index.php\/wp-json\/wp\/v2\/users\/2"}],"replies":[{"embeddable":true,"href":"https:\/\/centralmedia.rs\/index.php\/wp-json\/wp\/v2\/comments?post=37944"}],"version-history":[{"count":1,"href":"https:\/\/centralmedia.rs\/index.php\/wp-json\/wp\/v2\/posts\/37944\/revisions"}],"predecessor-version":[{"id":37947,"href":"https:\/\/centralmedia.rs\/index.php\/wp-json\/wp\/v2\/posts\/37944\/revisions\/37947"}],"wp:featuredmedia":[{"embeddable":true,"href":"https:\/\/centralmedia.rs\/index.php\/wp-json\/wp\/v2\/media\/37945"}],"wp:attachment":[{"href":"https:\/\/centralmedia.rs\/index.php\/wp-json\/wp\/v2\/media?parent=37944"}],"wp:term":[{"taxonomy":"category","embeddable":true,"href":"https:\/\/centralmedia.rs\/index.php\/wp-json\/wp\/v2\/categories?post=37944"},{"taxonomy":"post_tag","embeddable":true,"href":"https:\/\/centralmedia.rs\/index.php\/wp-json\/wp\/v2\/tags?post=37944"}],"curies":[{"name":"wp","href":"https:\/\/api.w.org\/{rel}","templated":true}]}}