{"id":37971,"date":"2024-03-21T19:11:07","date_gmt":"2024-03-21T18:11:07","guid":{"rendered":"http:\/\/centralmedia.rs\/?p=37971"},"modified":"2024-04-03T11:05:32","modified_gmt":"2024-04-03T09:05:32","slug":"svetski-dan-poezije","status":"publish","type":"post","link":"https:\/\/centralmedia.rs\/index.php\/2024\/03\/21\/svetski-dan-poezije\/","title":{"rendered":"Svetski dan poezije"},"content":{"rendered":"<p>&nbsp;<\/p>\n<p>DESPOTOVAC- Na me\u0111unarodni Dan poezije ,21. marta, danas je \u00a0odr\u017eana je u Narodnoj biblioteci Resavska \u0161kola \u00a055.\u00a0 op\u0161tinska smotra recitatora &#8211; \u201ePesni\u010de naroda mog&#8221;. U kategoriji mla\u0111ih takmi\u010dara pobedila je Dunja Milo\u0161evi\u0107, u\u010denica 3. razreda O\u0160 \u201eDespot Srefan Visoki&#8221; iz Despotovca, Drugo mesto osvojila je Zora Nikoli\u0107, u\u010denica 2. razreda O\u0160 \u201eDespot Stefan Visoki&#8221; iz Despotovca i tre\u0107e Minja Gavrilovi\u0107, u\u010denica 3. razreda O\u0160 \u201e\u0110ura Jak\u0161i\u0107&#8221; iz Pla\u017eana. U kategoriji starijih takmi\u010dara pobedila je Tara \u0106osi\u0107, u\u010denica 8. razreda O\u0160 \u201eDespot Stefan Visoki&#8221; iz Despotovca, drugo mesto osvojila je Lena Obradovi\u0107, u\u010denica 8. razreda O\u0160 \u201eDespot Stefan Visoki&#8221; iz Despotovca i tre\u0107e Natalija Milojkovi\u0107, u\u010denica 6. razreda O\u0160 \u201eStevan Sin\u0111eli\u0107&#8221; iz Velikog Popovi\u0107a.<\/p>\n<p>\u017diri je radio u sastavu Nemanja Radivojevi\u0107 &#8211; glumac Teatra Resava, Aleksandar Kova\u010di\u0107 &#8211; profesor srpskog jezika i knji\u017eevnosti i Borko Milojkovi\u0107 &#8211; pijanista i profesor klavira.<\/p>\n<p>Recitatori su se takmi\u010dili u dve kategorije, mla\u0111oj, od 1. do 4. razreda osnovne \u0161kole i starijoj, od 5. do 8. razreda osnovne \u0161kole.<\/p>\n","protected":false},"excerpt":{"rendered":"<p>&nbsp; DESPOTOVAC- Na me\u0111unarodni Dan poezije ,21. marta, danas je \u00a0odr\u017eana je u Narodnoj biblioteci Resavska \u0161kola \u00a055.\u00a0 op\u0161tinska smotra recitatora &#8211; \u201ePesni\u010de naroda mog&#8221;. &hellip; <\/p>\n","protected":false},"author":2,"featured_media":37972,"comment_status":"open","ping_status":"open","sticky":false,"template":"","format":"standard","meta":{"footnotes":""},"categories":[1518,1524,2,15,12],"tags":[51,6482],"_links":{"self":[{"href":"https:\/\/centralmedia.rs\/index.php\/wp-json\/wp\/v2\/posts\/37971"}],"collection":[{"href":"https:\/\/centralmedia.rs\/index.php\/wp-json\/wp\/v2\/posts"}],"about":[{"href":"https:\/\/centralmedia.rs\/index.php\/wp-json\/wp\/v2\/types\/post"}],"author":[{"embeddable":true,"href":"https:\/\/centralmedia.rs\/index.php\/wp-json\/wp\/v2\/users\/2"}],"replies":[{"embeddable":true,"href":"https:\/\/centralmedia.rs\/index.php\/wp-json\/wp\/v2\/comments?post=37971"}],"version-history":[{"count":1,"href":"https:\/\/centralmedia.rs\/index.php\/wp-json\/wp\/v2\/posts\/37971\/revisions"}],"predecessor-version":[{"id":37973,"href":"https:\/\/centralmedia.rs\/index.php\/wp-json\/wp\/v2\/posts\/37971\/revisions\/37973"}],"wp:featuredmedia":[{"embeddable":true,"href":"https:\/\/centralmedia.rs\/index.php\/wp-json\/wp\/v2\/media\/37972"}],"wp:attachment":[{"href":"https:\/\/centralmedia.rs\/index.php\/wp-json\/wp\/v2\/media?parent=37971"}],"wp:term":[{"taxonomy":"category","embeddable":true,"href":"https:\/\/centralmedia.rs\/index.php\/wp-json\/wp\/v2\/categories?post=37971"},{"taxonomy":"post_tag","embeddable":true,"href":"https:\/\/centralmedia.rs\/index.php\/wp-json\/wp\/v2\/tags?post=37971"}],"curies":[{"name":"wp","href":"https:\/\/api.w.org\/{rel}","templated":true}]}}