{"id":37977,"date":"2024-03-22T01:14:38","date_gmt":"2024-03-22T00:14:38","guid":{"rendered":"http:\/\/centralmedia.rs\/?p=37977"},"modified":"2024-04-03T11:03:06","modified_gmt":"2024-04-03T09:03:06","slug":"srpski-kandidat-za-oskara-bice-pobednik-filmskog-festivala-na-zlatiboru","status":"publish","type":"post","link":"https:\/\/centralmedia.rs\/index.php\/2024\/03\/22\/srpski-kandidat-za-oskara-bice-pobednik-filmskog-festivala-na-zlatiboru\/","title":{"rendered":"SRPSKI KANDIDAT ZA OSKARA SA FESTIVALA NA ZLATIBORU"},"content":{"rendered":"<p>&nbsp;<\/p>\n<p>Odlukom SO \u010cajetina \u00a0ustanovljen je novi nacionalni filmski festival koji \u0107e se od ove godine odr\u017eavati na Zlatiboru u drugoj nedelji septembra, u suorganizaciji Ministarstva kulture, Filmskog centra i Kulturnog centra Zlatibor, \u0161to \u0107e jo\u0161 vi\u0161e upotpuniti turisti\u010dku ponudu na Zlatiboru. Projekcije filmova \u0107e biti na Zlatiboru i u \u010cajetini, kao i u Novoj Varo\u0161i, Priboju i Prijepolju. Festival \u0107e trajati sedam dana i takmi\u010di\u0107e se i doma\u0107i filmovi i serije snimljeni u prethodnoj godini. Film koji pobedi na ovom festivalu bi\u0107e kandidat Srbije za ameri\u010dku filmsku nagradu Oskar.<\/p>\n<p><img loading=\"lazy\" decoding=\"async\" class=\"alignnone wp-image-37978 size-full\" src=\"http:\/\/centralmedia.rs\/wp-content\/uploads\/2024\/03\/OSKAR.jpg\" alt=\"\" width=\"633\" height=\"398\" srcset=\"https:\/\/centralmedia.rs\/wp-content\/uploads\/2024\/03\/OSKAR.jpg 633w, https:\/\/centralmedia.rs\/wp-content\/uploads\/2024\/03\/OSKAR-300x189.jpg 300w\" sizes=\"(max-width: 633px) 100vw, 633px\" \/><\/p>\n<p>-Odbornici lokalne skup\u0161tine su doneli odluku o pristupanju tehni\u010dkim izmenama Plana generalne regulacije naseljenog mesta Zlatibor \u2013 prva faza, kao i odluke o izmeni Plana detaljne regulacije za Gold gondolu i Plana detaljne regulacije za nekoliko parcela u industrijskoj zoni u Brane\u0161cima. Po prvi put smo doneli odluku o imenovanju Za\u0161titnika gra\u0111ana i na tu funkciju je izabran Ljubi\u0161a R. Radulovi\u0107, biv\u0161i sudija i na\u010delnik Op\u0161tinske uprave. Doneta je i odluka o izvo\u0111enju radova na nekoliko infrastrukturnih objekata sredstvima investitora, kao i odluke o izmenama \u010dlanova nadzornog odbora u preduze\u0107ima Zoohigijena i Zlatiborskom eko agraru \u2013 izjavio je predsednik Skup\u0161tine op\u0161tine \u010cajetina Arsen \u0110uri\u0107 nakon dana\u0161nje sednice lokalnog parlamenta,<\/p>\n<p>Doneta je i odluka o osnivanju posebne organizacione jedinice u okviru Zlatiborskog eko agrara koja \u0107e se baviti organizacijom raznih manifestacija, a jedna od prvih \u0107e biti Sajam poljoprivrede na Zlatiboru od 10. do 12. maja koji \u0107e organizovati Eko agrar u saradnji sa Ministarstvom poljoprivrede.<\/p>\n","protected":false},"excerpt":{"rendered":"<p>&nbsp; Odlukom SO \u010cajetina \u00a0ustanovljen je novi nacionalni filmski festival koji \u0107e se od ove godine odr\u017eavati na Zlatiboru u drugoj nedelji septembra, u suorganizaciji &hellip; <\/p>\n","protected":false},"author":2,"featured_media":37982,"comment_status":"open","ping_status":"open","sticky":false,"template":"","format":"standard","meta":{"footnotes":""},"categories":[2875,1524,2,15,12],"tags":[2762,6483,2876],"_links":{"self":[{"href":"https:\/\/centralmedia.rs\/index.php\/wp-json\/wp\/v2\/posts\/37977"}],"collection":[{"href":"https:\/\/centralmedia.rs\/index.php\/wp-json\/wp\/v2\/posts"}],"about":[{"href":"https:\/\/centralmedia.rs\/index.php\/wp-json\/wp\/v2\/types\/post"}],"author":[{"embeddable":true,"href":"https:\/\/centralmedia.rs\/index.php\/wp-json\/wp\/v2\/users\/2"}],"replies":[{"embeddable":true,"href":"https:\/\/centralmedia.rs\/index.php\/wp-json\/wp\/v2\/comments?post=37977"}],"version-history":[{"count":4,"href":"https:\/\/centralmedia.rs\/index.php\/wp-json\/wp\/v2\/posts\/37977\/revisions"}],"predecessor-version":[{"id":37983,"href":"https:\/\/centralmedia.rs\/index.php\/wp-json\/wp\/v2\/posts\/37977\/revisions\/37983"}],"wp:featuredmedia":[{"embeddable":true,"href":"https:\/\/centralmedia.rs\/index.php\/wp-json\/wp\/v2\/media\/37982"}],"wp:attachment":[{"href":"https:\/\/centralmedia.rs\/index.php\/wp-json\/wp\/v2\/media?parent=37977"}],"wp:term":[{"taxonomy":"category","embeddable":true,"href":"https:\/\/centralmedia.rs\/index.php\/wp-json\/wp\/v2\/categories?post=37977"},{"taxonomy":"post_tag","embeddable":true,"href":"https:\/\/centralmedia.rs\/index.php\/wp-json\/wp\/v2\/tags?post=37977"}],"curies":[{"name":"wp","href":"https:\/\/api.w.org\/{rel}","templated":true}]}}