{"id":37993,"date":"2024-03-24T19:17:36","date_gmt":"2024-03-24T18:17:36","guid":{"rendered":"http:\/\/centralmedia.rs\/?p=37993"},"modified":"2024-04-03T11:03:26","modified_gmt":"2024-04-03T09:03:26","slug":"racic-izgradicemo-u-jagodini-spomenik-svim-stradalim-herojima-1990-1999","status":"publish","type":"post","link":"https:\/\/centralmedia.rs\/index.php\/2024\/03\/24\/racic-izgradicemo-u-jagodini-spomenik-svim-stradalim-herojima-1990-1999\/","title":{"rendered":"RACI\u0106: IZGRADI\u0106EMO U JAGODINI SPOMENIK SVIM STRADALIM  HEROJIMA 1990.-1999."},"content":{"rendered":"<p>&nbsp;<\/p>\n<p>BUNT &#8211; Prava Srbija najavila je danas da \u0107e pokrenuti inicijativu u Skup\u0161tini grada Jagodina za izgradnju spomenika\u00a0stradalim borcima u ratovima od 1990. do 1999. godine.\u00a0 Jagodina nema zvani\u010dno, gradsko spomen obele\u017eje, poginulima u ratovima devedesetih godina pro\u0161log veka. Delegacija Bunat &#8211; Prava Srbija obele\u017eila \u00a025 godina od po\u010detka NATO agresije na SRJ polaganjem venaca i paljenjem sve\u0107a kod spomenika heroju palom pitomcu Vojne akademije Aleksandru Aci Rakovi\u0107u u jagodinskom naselju Streli\u0161te.<\/p>\n<p>Venac je polo\u017eio ispred BUNT &#8211; Prave Srbije zamenik predsednika, Aleksandar Raci\u0107.<\/p>\n<p>-Danas obele\u017eavamo 25 godina od po\u010detka NATO agresije na SRJ. Akcija &#8220;Milosrdni an\u0111eo&#8221; kako su je nazivali imala je za cilj zversko ubijanje srpske dece i neja\u010di i trajalo je vi\u0161e od dva meseca. Pored nevino stradalih \u017ertava, mi se danas se\u0107amo i onih ljudi koji su nas tih dana branili, a jedan od njih bio je na\u0161 heroj, pitomac Vojne akademije Aleksandar Aca Rakovi\u0107, koji je svoj \u017eivot polo\u017eio na Pa\u0161triku u reonu \u0110akovice. Ponosni smo na to \u0161to smo pre par godina zajedno sa njegovim prijateljima podigli ovaj spomenik momku koji je svoj \u017eivot \u017ertvovao daju\u0107i svoj pancir mla\u0111em vojniku.<\/p>\n<p>Na nama je danas da \u017eive po\u0161tujemo, a mrtve pamtimo. Na samom kraju \u017eelim da obavestim javnost da \u0107e na\u0161a stranka na inicijativu na\u0161eg predsednika Du\u0161ana Markovi\u0107a podneti zahtev, odnosno inicijativu Skup\u0161tini grada Jagodine za izgradnju spomenika svim stradalim borcima u ratovima od 1990. do 1999. Godine, rekao je Aleksandar Raci\u0107, zamenik predsednika BUNT &#8211; Prave Srbije i opozicioni odbornik u Skup\u0161tini grada Jagodine.<\/p>\n","protected":false},"excerpt":{"rendered":"<p>&nbsp; BUNT &#8211; Prava Srbija najavila je danas da \u0107e pokrenuti inicijativu u Skup\u0161tini grada Jagodina za izgradnju spomenika\u00a0stradalim borcima u ratovima od 1990. do &hellip; <\/p>\n","protected":false},"author":2,"featured_media":37994,"comment_status":"open","ping_status":"open","sticky":false,"template":"","format":"standard","meta":{"footnotes":""},"categories":[1524,20,2,1514,12],"tags":[58,3570,932],"_links":{"self":[{"href":"https:\/\/centralmedia.rs\/index.php\/wp-json\/wp\/v2\/posts\/37993"}],"collection":[{"href":"https:\/\/centralmedia.rs\/index.php\/wp-json\/wp\/v2\/posts"}],"about":[{"href":"https:\/\/centralmedia.rs\/index.php\/wp-json\/wp\/v2\/types\/post"}],"author":[{"embeddable":true,"href":"https:\/\/centralmedia.rs\/index.php\/wp-json\/wp\/v2\/users\/2"}],"replies":[{"embeddable":true,"href":"https:\/\/centralmedia.rs\/index.php\/wp-json\/wp\/v2\/comments?post=37993"}],"version-history":[{"count":3,"href":"https:\/\/centralmedia.rs\/index.php\/wp-json\/wp\/v2\/posts\/37993\/revisions"}],"predecessor-version":[{"id":37997,"href":"https:\/\/centralmedia.rs\/index.php\/wp-json\/wp\/v2\/posts\/37993\/revisions\/37997"}],"wp:featuredmedia":[{"embeddable":true,"href":"https:\/\/centralmedia.rs\/index.php\/wp-json\/wp\/v2\/media\/37994"}],"wp:attachment":[{"href":"https:\/\/centralmedia.rs\/index.php\/wp-json\/wp\/v2\/media?parent=37993"}],"wp:term":[{"taxonomy":"category","embeddable":true,"href":"https:\/\/centralmedia.rs\/index.php\/wp-json\/wp\/v2\/categories?post=37993"},{"taxonomy":"post_tag","embeddable":true,"href":"https:\/\/centralmedia.rs\/index.php\/wp-json\/wp\/v2\/tags?post=37993"}],"curies":[{"name":"wp","href":"https:\/\/api.w.org\/{rel}","templated":true}]}}