{"id":38099,"date":"2024-04-11T23:43:00","date_gmt":"2024-04-11T21:43:00","guid":{"rendered":"http:\/\/centralmedia.rs\/?p=38099"},"modified":"2024-04-11T23:43:00","modified_gmt":"2024-04-11T21:43:00","slug":"zlatiborski-kongresni-centar","status":"publish","type":"post","link":"https:\/\/centralmedia.rs\/index.php\/2024\/04\/11\/zlatiborski-kongresni-centar\/","title":{"rendered":"ZLATIBORSKI KONGRESNI CENTAR"},"content":{"rendered":"<p>&nbsp;<\/p>\n<p>\u010cAJETINA- Na 46. sednici Skup\u0161tine op\u0161tine \u010cajetina donet je veliki broj veoma zna\u010dajnih odluka me\u0111u kojima je svakako jedna od najzna\u010dajnijih ona o otu\u0111enju tj. kupovini parcele izme\u0111u hotela Zlatibor i hotela Mona na kojoj preduze\u0107e Galens planira izgradnju kongresnog centra sa salom za 1.700 u\u010desnika, najve\u0107om kongresnom salom u Srbiji posle beogradskog Sava centra. Kongresna sala \u0107e biti multifunkcionalna tj. osim kongresa i seminara, u njoj \u0107e mo\u0107i da se realizuju i razne druge aktivnosti, kao \u0161to su, na primer, sajmovi ili koncerti. Time \u0107e zna\u010dajno biti upotpunjena ponuda ne samo hotela Zlatibor, ve\u0107 i \u010ditavog istoimenog naselja. Uz to, usvojen je izve\u0161taj o radu Turisti\u010dke organizacije Zlatibor, javnog preduze\u0107a \u201eZoohigijena\u201c i Inovacionog biznis centra, a zakletvu je polo\u017eio izabrani Za\u0161titnik gra\u0111ana op\u0161tine \u010cajetina, preneo je odluke sa sednice lokalne skup\u0161tine Arsen \u0110uri\u0107, predsednik Skup\u0161tine op\u0161tine \u010cajetina<\/p>\n<p>Odbornici su doneli i odluke o ure\u0111enju gra\u0111evinskog zemlji\u0161ta sredstvima investitora, a radi se o izgradnji vi\u0161e putnih pravaca na teritoriji \u010ditave op\u0161tine \u010cajetina, o nabavci asfaltne mase za KJP Zlatibor i o zavr\u0161etku radova na izgradnji poslovne zgrade JP \u201eGold gondola Zlatibor\u201c.<\/p>\n<p>\u0110uri\u0107 je dodao da se u narednom periodu o\u010dekuje veliki broj radova na izgradnji putnih pravaca, kao i na njihovoj rekostrukciji, i da dobar deo tih radova izvodi \u010dajetinsko komunalno preduze\u0107e. \u201eOvih dana se intenzivno radi u Semegnjevu, slede\u0107e nedelje se prelazi u \u010cajetinu gde \u0107e biti rekonstruisano nekoliko klju\u010dnih ulica u samom centru. Intenzivno se radi i na izgradnji igrali\u0161ta na Glavici, a nakon toga i na rekonstrukciji sportskih terena u parku. Radovi se obavljaju i na teritoriji Mesne zajednice Ljubi\u0161, a slede\u0107e nedelje se prelazi u Dobroselicu i Jablanicu. Tako\u0111e, rade se i dve ulice na Obudojevici na samom Zlatiboru i to su Ugostiteljska ulica i Ulica zlatiborskih pletilja, kao i velika saobra\u0107ajnica u naselju Jelena An\u017eujska koja se spaja sa putem za Rudine\u201c zaklju\u010dio je Arsen \u0110uri\u0107.<\/p>\n","protected":false},"excerpt":{"rendered":"<p>&nbsp; \u010cAJETINA- Na 46. sednici Skup\u0161tine op\u0161tine \u010cajetina donet je veliki broj veoma zna\u010dajnih odluka me\u0111u kojima je svakako jedna od najzna\u010dajnijih ona o otu\u0111enju &hellip; <\/p>\n","protected":false},"author":2,"featured_media":38100,"comment_status":"open","ping_status":"open","sticky":false,"template":"","format":"standard","meta":{"footnotes":""},"categories":[22,2875,1524,2,12],"tags":[6494,2876],"_links":{"self":[{"href":"https:\/\/centralmedia.rs\/index.php\/wp-json\/wp\/v2\/posts\/38099"}],"collection":[{"href":"https:\/\/centralmedia.rs\/index.php\/wp-json\/wp\/v2\/posts"}],"about":[{"href":"https:\/\/centralmedia.rs\/index.php\/wp-json\/wp\/v2\/types\/post"}],"author":[{"embeddable":true,"href":"https:\/\/centralmedia.rs\/index.php\/wp-json\/wp\/v2\/users\/2"}],"replies":[{"embeddable":true,"href":"https:\/\/centralmedia.rs\/index.php\/wp-json\/wp\/v2\/comments?post=38099"}],"version-history":[{"count":1,"href":"https:\/\/centralmedia.rs\/index.php\/wp-json\/wp\/v2\/posts\/38099\/revisions"}],"predecessor-version":[{"id":38101,"href":"https:\/\/centralmedia.rs\/index.php\/wp-json\/wp\/v2\/posts\/38099\/revisions\/38101"}],"wp:featuredmedia":[{"embeddable":true,"href":"https:\/\/centralmedia.rs\/index.php\/wp-json\/wp\/v2\/media\/38100"}],"wp:attachment":[{"href":"https:\/\/centralmedia.rs\/index.php\/wp-json\/wp\/v2\/media?parent=38099"}],"wp:term":[{"taxonomy":"category","embeddable":true,"href":"https:\/\/centralmedia.rs\/index.php\/wp-json\/wp\/v2\/categories?post=38099"},{"taxonomy":"post_tag","embeddable":true,"href":"https:\/\/centralmedia.rs\/index.php\/wp-json\/wp\/v2\/tags?post=38099"}],"curies":[{"name":"wp","href":"https:\/\/api.w.org\/{rel}","templated":true}]}}