{"id":38125,"date":"2024-04-18T13:35:02","date_gmt":"2024-04-18T11:35:02","guid":{"rendered":"http:\/\/centralmedia.rs\/?p=38125"},"modified":"2024-04-22T22:47:40","modified_gmt":"2024-04-22T20:47:40","slug":"svi-izbori-se-odrzavaju-2-juna-saopstila-ana-brnabic","status":"publish","type":"post","link":"https:\/\/centralmedia.rs\/index.php\/2024\/04\/18\/svi-izbori-se-odrzavaju-2-juna-saopstila-ana-brnabic\/","title":{"rendered":"SVI IZBORI SE ODR\u017dAVAJU 2. JUNA: saop\u0161tila Ana Brnabi\u0107"},"content":{"rendered":"<p>&nbsp;<\/p>\n<p>Ana Brnabi\u0107 je rekla da je nakon 17 dana razgovora sa svim poslani\u010dkim grupama, i iscrpljivanja svih mogu\u0107nosti razgovora, donela odluku da prihvati zahtev opozicije grupisane oko Srbije protiv nasilja. Lokalni izbori bi\u0107e odr\u017eani u Jagodini i Svilajncu<\/p>\n<p>&#8211; Donela sam odluku u konsultacijama sa predsednikom Srbije. To zna\u010di da \u0107emo sve izbore raspisati zajedno sa beogradskim izborima, i bi\u0107e odr\u017eani 2. juna. To \u0107e zahtevati izmene i dopune zakona. O\u010dekujem da te predloge potpi\u0161e najve\u0107i broj poslanika do sada, da sa tim predlogom idemo zajedno i poka\u017eemo jedinstvo &#8211; rekla je ona.<\/p>\n<p>Ana Brnabi\u0107 je dodala da se nada da \u0107e u subotu biti usvojene ove izmene zakona, i da \u0107e u nedelju biti raspisani izbori.<\/p>\n<p>&#8211; U konsultacijama sa predsednikom Vu\u010di\u0107em, bilo je potpuno jasno iz njegovih re\u010di da je u ovom trenutku za zemlju najva\u017enija stabilnost. Razgovori su bili lekoviti, i hvala svima koji su u\u010destvovali u njima &#8211; istakla je predsednica Skup\u0161tine.<\/p>\n<p>Ka\u017ee da \u0107e biti mnogo onih koji \u0107e likovati i tvrditi da su pobedili, i rekla je da je ovo pobeda svih onih koji su pokazali ozbiljnost.<\/p>\n<p>&#8211; To \u0107e nam omogu\u0107iti da se bavimo stvarima koje su od nacionalnog interesa. Ja \u017eelim da se zahvalim svima koji su u\u010destvovali u razgovorima. Na momente su bili te\u0161ki, ali pokazali smo ozbiljnost i da mo\u017eemo da radimo zajedno. Ja sada o\u010dekujem najve\u0107u mogu\u0107u podr\u0161ku poslanika vlasti i opozicije da zajedno podnesemo izmene i dopune zakona, i da glasamo o tome &#8211; rekla je Brnabi\u0107ka.<\/p>\n<p>Ona je rekla da ovo nije dobar presedan, i dodala da je u ovom trenutku situacija u kojoj se nalazi na\u0161a zemlja izuzetno te\u0161ka.<\/p>\n<p>&#8211; Pritisci su raznovrsni, kontinuirani, i dolaze sa raznih strana. Nama treba \u0161to ve\u0107a stabilnost i unutra\u0161nje jedinstvo, politi\u010dka kohezija. Treba svi da prekinemo da se delimo, i da predstavimo ujedinjeni front koji se bori za nacionalne interese. Vreme i energiju za nacionalna pitanja dobijamo na ovaj na\u010din &#8211; istakla je predsednica Skup\u0161tine.<\/p>\n<p>Ana Brnabi\u0107 ka\u017ee da je dobro da se na kraju dijaloga postigne rezultat.<\/p>\n<p>&#8211; 17 dana sam se trudila da pri\u010damo o razli\u010ditim opcijama. Ja ne mislim da je ovo najbolja opcija, mislim da je mnogo bolja opcija bila ona koju smo mi predlo\u017eili. Da Beograd bude kada mu je vreme, a da svi ostali izbori budu u drugom dogovorenom terminu. Ali nije postojala volja da se to uop\u0161te razmatra. Davala sam sve od sebe, imali smo rok do 18. aprila &#8211; podse\u0107a ona.<\/p>\n<p>Predsednica Skup\u0161tine ka\u017ee da je dogovor mogao biti postignut i ranije da je opozicija bila fleksibilna da \u010duje \u0161ta vladaju\u0107a ve\u0107ina ima da ka\u017ee.<\/p>\n<p>&#8211; Ali oni o tome predlogu nisu hteli da razgovaraju. Protiv Ustava je da ja prekinem svake izborne radnje, tako da je ovo bio jedini na\u010din da postignemo dogovor. Imamo dosta te\u0161kih vesti ovih dana, ali danas je dobar dan za politiku i demokratiju u Srbiji &#8211; isti\u010de Ana Brnabi\u0107.<\/p>\n<p>\u0160to se ti\u010de preporuka ODIHR-a, ona ka\u017ee da \u0107e se nastaviti konsultacije po tim pitanjima.<\/p>\n<p>&#8211; Kao \u0161to sam rekla, jutros je slu\u017eba Narodne Skup\u0161tine nastavila razgovore sa svim poslani\u010dkim grupama o formiranju tela. Bi\u0107e formirane u najkra\u0107em mogu\u0107em roku. To se nastavlja nesmanjenom dinamikom. To je posao Narodne Skup\u0161tine, imamo konsenzus, i to slaganje nam je pomoglo da postignemo dogovor oko drugih stvari &#8211; rekla je ona.<\/p>\n<p>Predsednica Skup\u0161tine ka\u017ee da \u0107e biti formirano radno telo za bira\u010dki spisak, i bi\u010de potpuno inkluzivno.<\/p>\n<p>&#8211; Ne odustajem ni od medijske scene. Koliko slede\u0107e nedelje mo\u017eemo da pozovemo medijske ku\u0107e i da razgovaramo. Ne da uti\u010demo na ure\u0111iva\u010dku politiku, ali da pri\u010damo. Opozicija oko SPN misli da je javni servis na strani SNS, mi mislimo da je javni servis prili\u010dno bole\u0107iv na opoziciju. Nastavljamo da radimo na tome &#8211; dodaje Ana Brnabi\u0107.<\/p>\n<p>Isti\u010de da je odluka samo njena, i da ju je donela nakon brojnih konsultacija sa predsednikom Vu\u010di\u0107em.<\/p>\n<p>&#8211; Ja sam ju\u010de posle sastanka odletela u London, imala veoma va\u017ean sastanak sa predstavnicima Nigerije, ta zemlja nam je va\u017ena u borbi za istinu. Potom sam se vratila u Beograd i pri\u010dala sa predsednikom. I na kraju sam donela odluku, ja mislim da je odluka dobra. Mislim da je predlog koji smo mi dali bio bolji, ali va\u017eno je da smo postigli dogovor &#8211; kazala je ona.<\/p>\n<p>Dodala je da je i predsednik Vu\u010di\u0107 vi\u0161e puta insistirao na dogovorima i razgovorima, i isticao va\u017enost stabilnosti u ovom trenutku.<\/p>\n<p>&#8211; To je bila i njegova poruka meni, i pokazali smo da je najva\u017enija stabilnost, a i da smo ozbiljni ljudi &#8211; ka\u017ee Ana Brnabi\u0107.<\/p>\n<p>Predsednica Skup\u0161tine je na pitanje \u0161ta \u0107e biti sa ljudima koji su menjali prebivali\u0161te u poslednjih 6 do 12 meseci rekla slede\u0107e:<\/p>\n<p>&#8211; To je jedan od zakona o kome treba da razgovara radno telo. Da li \u0107e sti\u0107i za beogradske izbore, zavisi od radnog tela. Da li \u0107emo menjati taj zakon, da. Samo treba da se postigne dogovor. Bira\u010dki spisak \u0107e biti otvoren i transparentan, komisija \u0107e raditi do tada &#8211; dodala je ona.<\/p>\n<p>Govore\u0107i o najavama komandanta NATO da \u0107e poslati dodatne trupe na Balkan, istakla je da je to zabrinjavaju\u0107a poruka.<\/p>\n<p>&#8211; Upravo NATO snage guraju rezoluciju o genocidu u Srebrenici, i znaju da \u0107e eventualno usvajanje toga izazvati dodatne nestabilnosti u BiH. I spremaju se na to, znaju\u0107i da bi to bilo podrivanje mira i stabilnosti u Bosni i Hercegovini. Eskalacija se spre\u010dava dogovorom, dijalogom, a ne akumuliranjem trupa &#8211; rekla je Ana Brnabi\u0107.<\/p>\n<p>Ona ka\u017ee da veliki, silni i mo\u0107ni ne po\u0161tuju pravila i procedure, i misle da mogu sve da re\u0161e trupama i nasiljem.<\/p>\n<p>&#8211; Ima jo\u0161 vremena, ja se nadam da \u0107e \u010duti poruku da moraju da naprave dogovor i konsenzus. Oni zaobilaze Predsedni\u0161tvo BiH, i direkno time kr\u0161e Dejtonski sporazum. I na sve odgovaraju trupama &#8211; dodaje predsednica Skup\u0161tine.<\/p>\n<p>Rekla je da predsednik Vu\u010di\u0107 bukvalno radi dan i no\u0107, i da pri\u010da sa predsednicima i premijerima raznih zemalja.<\/p>\n<p>&#8211; Pri\u010da sa ekspertima iz raznih polja, svi su se aktivirali po\u0161to \u0107e ovo biti presedan koji \u0107e otvoriti pandorinu kutiju. Mi svi ostali treba da mu pomognemo u tome &#8211; isti\u010de ona.<\/p>\n<p>Ana Brnabi\u0107 je komentarisala i privo\u0111enje \u010detvorice policajaca tzv. Kosovske policije.<\/p>\n<p>&#8211; Ne znam mnogo detalja, bukvalno sam sa sastanaka i\u0161la na letove, pa se vra\u0107ala na razgovor sa predsednikom. Dakle nemam informaciju, ali mogu da pohvalim pripadnike MUP, da ka\u017eem da rade svoj posao, na kraju krajeva ti ljudi podrivaju ustavni poredak Republike Srbije. Imate ljude Srbe na KiM koji ne podrivaju ni\u010diji ustavni poredak, zato \u0161to \u017eive na svojoj zemlji, pa ih \u0161ikaniraju svaki dan. Kadija ih tu\u017ei, kadija im sudi &#8211; rekla je predsednica Skup\u0161tine.<\/p>\n<p>Dodala je da o\u010dekuje pohvale od me\u0111unarodne zajednice za pripadnike srpske policije.<\/p>\n<p>Govore\u0107i ponovo o izborima, rekla je da Skup\u0161tina igra najva\u017eniju ulogu, pored predsednika i Vlade, u odbrani nacionalnih interesa.<\/p>\n<p>&#8211; Borba u Strazburu je vo\u0111ena od strane narodnih poslanika. Umesto time da se bavimo 24 sata, mi smo se bavili lokalnim izborima. Sada smo to sklonili sa dnevnog reda, i mo\u0107i \u0107emo non stop da se bavimo nacionalnim pitanjima. Mi moramo da za\u0161titimo istinu, pravdu i me\u0111unarodni pravni poredak. Ja sam kolegama iz Zeleno-levog fronta ju\u010de rekla da oni imaju odli\u010dne odnose sa Berlinom. Pitala sam ih da pomognu, kada do\u0111e do ministarskog nivoa o odlu\u010divanju prijema Pri\u0161tine u SE, da se Nema\u010dka pobuni &#8211; ka\u017ee ona.<\/p>\n<p>Sada imamo vremena da se bavimo samo nacionalnim pitanjima i primenama preporuka ODIHR-a, \u0161to je sve posao Narodne Skup\u0161tine, zaklju\u010dila je Ana Brnabi\u0107.<\/p>\n<p>&nbsp;<\/p>\n","protected":false},"excerpt":{"rendered":"<p>&nbsp; Ana Brnabi\u0107 je rekla da je nakon 17 dana razgovora sa svim poslani\u010dkim grupama, i iscrpljivanja svih mogu\u0107nosti razgovora, donela odluku da prihvati zahtev &hellip; <\/p>\n","protected":false},"author":2,"featured_media":38126,"comment_status":"open","ping_status":"open","sticky":false,"template":"","format":"standard","meta":{"footnotes":""},"categories":[1524,2,1514,13,887,12,1517,5785],"tags":[643,58,38],"_links":{"self":[{"href":"https:\/\/centralmedia.rs\/index.php\/wp-json\/wp\/v2\/posts\/38125"}],"collection":[{"href":"https:\/\/centralmedia.rs\/index.php\/wp-json\/wp\/v2\/posts"}],"about":[{"href":"https:\/\/centralmedia.rs\/index.php\/wp-json\/wp\/v2\/types\/post"}],"author":[{"embeddable":true,"href":"https:\/\/centralmedia.rs\/index.php\/wp-json\/wp\/v2\/users\/2"}],"replies":[{"embeddable":true,"href":"https:\/\/centralmedia.rs\/index.php\/wp-json\/wp\/v2\/comments?post=38125"}],"version-history":[{"count":2,"href":"https:\/\/centralmedia.rs\/index.php\/wp-json\/wp\/v2\/posts\/38125\/revisions"}],"predecessor-version":[{"id":38128,"href":"https:\/\/centralmedia.rs\/index.php\/wp-json\/wp\/v2\/posts\/38125\/revisions\/38128"}],"wp:featuredmedia":[{"embeddable":true,"href":"https:\/\/centralmedia.rs\/index.php\/wp-json\/wp\/v2\/media\/38126"}],"wp:attachment":[{"href":"https:\/\/centralmedia.rs\/index.php\/wp-json\/wp\/v2\/media?parent=38125"}],"wp:term":[{"taxonomy":"category","embeddable":true,"href":"https:\/\/centralmedia.rs\/index.php\/wp-json\/wp\/v2\/categories?post=38125"},{"taxonomy":"post_tag","embeddable":true,"href":"https:\/\/centralmedia.rs\/index.php\/wp-json\/wp\/v2\/tags?post=38125"}],"curies":[{"name":"wp","href":"https:\/\/api.w.org\/{rel}","templated":true}]}}