{"id":38158,"date":"2024-04-22T22:43:54","date_gmt":"2024-04-22T20:43:54","guid":{"rendered":"http:\/\/centralmedia.rs\/?p=38158"},"modified":"2024-05-02T09:31:09","modified_gmt":"2024-05-02T07:31:09","slug":"3d-vremeplov-u-prirodnjackom-centru-srbije","status":"publish","type":"post","link":"https:\/\/centralmedia.rs\/index.php\/2024\/04\/22\/3d-vremeplov-u-prirodnjackom-centru-srbije\/","title":{"rendered":"3D VREMEPLOV U PRIRODNJA\u010cKOM CENTRU SRBIJE"},"content":{"rendered":"<p>&nbsp;<\/p>\n<p>SVILAJNAC-Predsednik op\u0161tine Svilajnac Predrag Milanovi\u0107 obi\u0161ao je novu izlo\u017ebu u Prirodnja\u010dkom centru i tom prilikom istakao da su ove izlo\u017ebe ura\u0111ene pomo\u0107u najsavremenijih tehnologija, po uzoru na izlo\u017ebe kakve imaju svetski muzeji.<\/p>\n<div id='gallery-1' class='gallery galleryid-38158 gallery-columns-3 gallery-size-thumbnail'><figure class='gallery-item'>\n\t\t\t<div class='gallery-icon landscape'>\n\t\t\t\t<a href='https:\/\/centralmedia.rs\/index.php\/2024\/04\/22\/3d-vremeplov-u-prirodnjackom-centru-srbije\/3d-3\/'><img loading=\"lazy\" decoding=\"async\" width=\"150\" height=\"150\" src=\"https:\/\/centralmedia.rs\/wp-content\/uploads\/2024\/04\/3D-150x150.jpg\" class=\"attachment-thumbnail size-thumbnail\" alt=\"\" \/><\/a>\n\t\t\t<\/div><\/figure><figure class='gallery-item'>\n\t\t\t<div class='gallery-icon landscape'>\n\t\t\t\t<a href='https:\/\/centralmedia.rs\/index.php\/2024\/04\/22\/3d-vremeplov-u-prirodnjackom-centru-srbije\/3d1-2\/'><img loading=\"lazy\" decoding=\"async\" width=\"150\" height=\"150\" src=\"https:\/\/centralmedia.rs\/wp-content\/uploads\/2024\/04\/3D1-150x150.jpg\" class=\"attachment-thumbnail size-thumbnail\" alt=\"\" \/><\/a>\n\t\t\t<\/div><\/figure><figure class='gallery-item'>\n\t\t\t<div class='gallery-icon landscape'>\n\t\t\t\t<a href='https:\/\/centralmedia.rs\/index.php\/2024\/04\/22\/3d-vremeplov-u-prirodnjackom-centru-srbije\/3d3\/'><img loading=\"lazy\" decoding=\"async\" width=\"150\" height=\"150\" src=\"https:\/\/centralmedia.rs\/wp-content\/uploads\/2024\/04\/3D3-150x150.jpg\" class=\"attachment-thumbnail size-thumbnail\" alt=\"\" \/><\/a>\n\t\t\t<\/div><\/figure>\n\t\t<\/div>\n\n<p>Posetioci \u0107e mo\u0107i uz pomo\u0107 digitalnih tehnologija da se upoznaju sa na\u0161im sun\u010devim sistemom, da kroz impresivnu realnost pro\u0111u epohe kojim je nastala na\u0161a planeta i \u017eivi svet na njoj, da preko holograma upoznaju izgled i pona\u0161anje prvih ljudi i da vide i nau\u010de jo\u0161 mnogo zanimljivosti.<\/p>\n","protected":false},"excerpt":{"rendered":"<p>&nbsp; SVILAJNAC-Predsednik op\u0161tine Svilajnac Predrag Milanovi\u0107 obi\u0161ao je novu izlo\u017ebu u Prirodnja\u010dkom centru i tom prilikom istakao da su ove izlo\u017ebe ura\u0111ene pomo\u0107u najsavremenijih tehnologija, &hellip; <\/p>\n","protected":false},"author":2,"featured_media":38159,"comment_status":"open","ping_status":"open","sticky":false,"template":"","format":"standard","meta":{"footnotes":""},"categories":[14,1524,2,887,12,1517,5785],"tags":[4792,6499,1127,38],"_links":{"self":[{"href":"https:\/\/centralmedia.rs\/index.php\/wp-json\/wp\/v2\/posts\/38158"}],"collection":[{"href":"https:\/\/centralmedia.rs\/index.php\/wp-json\/wp\/v2\/posts"}],"about":[{"href":"https:\/\/centralmedia.rs\/index.php\/wp-json\/wp\/v2\/types\/post"}],"author":[{"embeddable":true,"href":"https:\/\/centralmedia.rs\/index.php\/wp-json\/wp\/v2\/users\/2"}],"replies":[{"embeddable":true,"href":"https:\/\/centralmedia.rs\/index.php\/wp-json\/wp\/v2\/comments?post=38158"}],"version-history":[{"count":1,"href":"https:\/\/centralmedia.rs\/index.php\/wp-json\/wp\/v2\/posts\/38158\/revisions"}],"predecessor-version":[{"id":38163,"href":"https:\/\/centralmedia.rs\/index.php\/wp-json\/wp\/v2\/posts\/38158\/revisions\/38163"}],"wp:featuredmedia":[{"embeddable":true,"href":"https:\/\/centralmedia.rs\/index.php\/wp-json\/wp\/v2\/media\/38159"}],"wp:attachment":[{"href":"https:\/\/centralmedia.rs\/index.php\/wp-json\/wp\/v2\/media?parent=38158"}],"wp:term":[{"taxonomy":"category","embeddable":true,"href":"https:\/\/centralmedia.rs\/index.php\/wp-json\/wp\/v2\/categories?post=38158"},{"taxonomy":"post_tag","embeddable":true,"href":"https:\/\/centralmedia.rs\/index.php\/wp-json\/wp\/v2\/tags?post=38158"}],"curies":[{"name":"wp","href":"https:\/\/api.w.org\/{rel}","templated":true}]}}