{"id":38180,"date":"2024-04-26T13:23:46","date_gmt":"2024-04-26T11:23:46","guid":{"rendered":"http:\/\/centralmedia.rs\/?p=38180"},"modified":"2024-05-03T20:53:48","modified_gmt":"2024-05-03T18:53:48","slug":"bogosluzenja-u-jagodinskim-hramovima-spc-i-beseda-o-vaskrsu-oca-predraga-popovica","status":"publish","type":"post","link":"https:\/\/centralmedia.rs\/index.php\/2024\/04\/26\/bogosluzenja-u-jagodinskim-hramovima-spc-i-beseda-o-vaskrsu-oca-predraga-popovica\/","title":{"rendered":"BOGOSLU\u017dENJA U JAGODINSKIM HRAMOVIMA SPC I BESEDA O VASKRSU OCA PREDRAGA POPOVI\u0106A"},"content":{"rendered":"<p>&nbsp;<\/p>\n<p>Bogoslu\u017eenja u jagodinskim hramovima SPC o Vaskrsu.<\/p>\n<div id='gallery-1' class='gallery galleryid-38180 gallery-columns-5 gallery-size-thumbnail'><figure class='gallery-item'>\n\t\t\t<div class='gallery-icon portrait'>\n\t\t\t\t<a href='https:\/\/centralmedia.rs\/index.php\/2024\/04\/26\/bogosluzenja-u-jagodinskim-hramovima-spc-i-beseda-o-vaskrsu-oca-predraga-popovica\/crkva-9\/'><img loading=\"lazy\" decoding=\"async\" width=\"150\" height=\"150\" src=\"https:\/\/centralmedia.rs\/wp-content\/uploads\/2024\/04\/crkva-150x150.jpg\" class=\"attachment-thumbnail size-thumbnail\" alt=\"\" \/><\/a>\n\t\t\t<\/div><\/figure><figure class='gallery-item'>\n\t\t\t<div class='gallery-icon portrait'>\n\t\t\t\t<a href='https:\/\/centralmedia.rs\/index.php\/2024\/04\/26\/bogosluzenja-u-jagodinskim-hramovima-spc-i-beseda-o-vaskrsu-oca-predraga-popovica\/vaskrs-2\/'><img loading=\"lazy\" decoding=\"async\" width=\"150\" height=\"150\" src=\"https:\/\/centralmedia.rs\/wp-content\/uploads\/2024\/04\/vaskrs-150x150.jpg\" class=\"attachment-thumbnail size-thumbnail\" alt=\"\" \/><\/a>\n\t\t\t<\/div><\/figure><figure class='gallery-item'>\n\t\t\t<div class='gallery-icon portrait'>\n\t\t\t\t<a href='https:\/\/centralmedia.rs\/index.php\/2024\/04\/26\/bogosluzenja-u-jagodinskim-hramovima-spc-i-beseda-o-vaskrsu-oca-predraga-popovica\/vaskrs-stara-crkva\/'><img loading=\"lazy\" decoding=\"async\" width=\"150\" height=\"150\" src=\"https:\/\/centralmedia.rs\/wp-content\/uploads\/2024\/04\/vaskrs-stara-crkva-150x150.jpg\" class=\"attachment-thumbnail size-thumbnail\" alt=\"\" \/><\/a>\n\t\t\t<\/div><\/figure><figure class='gallery-item'>\n\t\t\t<div class='gallery-icon portrait'>\n\t\t\t\t<a href='https:\/\/centralmedia.rs\/index.php\/2024\/04\/26\/bogosluzenja-u-jagodinskim-hramovima-spc-i-beseda-o-vaskrsu-oca-predraga-popovica\/sveta-petka-10\/'><img loading=\"lazy\" decoding=\"async\" width=\"150\" height=\"150\" src=\"https:\/\/centralmedia.rs\/wp-content\/uploads\/2024\/04\/sveta-petka-150x150.jpg\" class=\"attachment-thumbnail size-thumbnail\" alt=\"\" \/><\/a>\n\t\t\t<\/div><\/figure><figure class='gallery-item'>\n\t\t\t<div class='gallery-icon landscape'>\n\t\t\t\t<a href='https:\/\/centralmedia.rs\/index.php\/2024\/04\/26\/bogosluzenja-u-jagodinskim-hramovima-spc-i-beseda-o-vaskrsu-oca-predraga-popovica\/snimak-ekrana-141\/'><img loading=\"lazy\" decoding=\"async\" width=\"150\" height=\"150\" src=\"https:\/\/centralmedia.rs\/wp-content\/uploads\/2024\/04\/Snimak-ekrana-141-150x150.png\" class=\"attachment-thumbnail size-thumbnail\" alt=\"\" srcset=\"https:\/\/centralmedia.rs\/wp-content\/uploads\/2024\/04\/Snimak-ekrana-141-150x150.png 150w, https:\/\/centralmedia.rs\/wp-content\/uploads\/2024\/04\/Snimak-ekrana-141-300x300.png 300w, https:\/\/centralmedia.rs\/wp-content\/uploads\/2024\/04\/Snimak-ekrana-141-768x768.png 768w, https:\/\/centralmedia.rs\/wp-content\/uploads\/2024\/04\/Snimak-ekrana-141-420x420.png 420w, https:\/\/centralmedia.rs\/wp-content\/uploads\/2024\/04\/Snimak-ekrana-141-640x640.png 640w, https:\/\/centralmedia.rs\/wp-content\/uploads\/2024\/04\/Snimak-ekrana-141-681x681.png 681w, https:\/\/centralmedia.rs\/wp-content\/uploads\/2024\/04\/Snimak-ekrana-141.png 875w\" sizes=\"(max-width: 150px) 100vw, 150px\" \/><\/a>\n\t\t\t<\/div><\/figure>\n\t\t<\/div>\n\n<p>&nbsp;<\/p>\n<p>U besedi otac Predrag Popovi\u0107, jerej SPC, eparhije po\u017eareva\u010dko-brani\u010devske, o Vaskrsu izme\u0111u ostalog ka\u017ee:<\/p>\n<p>-Mora pri\u010dati i podse\u0107ati da ZA VASKRS SVAKA PRAVOSLAVNA KU\u0106A MORA BITI NA LITURGIJI! Bez izuzetka!<\/p>\n<p>E sad&#8230; Kod nas posebno isku\u0161enje se de\u0161ava kada Prvi maj, koji je su\u0161tinski komunisti\u010dki praznik, padne u poslednju nedelju posta. Poslednja nedelja posta je najstro\u017ea u celoj godini. Stra\u0161na i tu\u017ena. Tada ljudski rod ubija Boga po drugi put, ako mo\u017eemo tako da ka\u017eemo. Drvo \u017eivota je napadnuto, ali Drvo \u017eivota koje je raslo u Raju \u010diji plod jedemo jeste Isus Hrostos kojim se Pri\u010de\u0161\u0107ujemo, ne mo\u017ee biti ubijeno. Ovaj put ne mo\u017ee se uskratiti Bog \u010doveku. Drugi ne mo\u017ee. Kao \u0161to je Adam uskratio nama.<\/p>\n<p>I \u0161ta onda dobijemo?<\/p>\n<p>Da ljudi moraju da biraju izme\u0111u ro\u0161tiljanja u prirodi proslavljaju\u0107i komunisti\u010dki praznik rada ili veru u Vaskrsenje i post u najtu\u017enijoj nedelji u godini. Budu\u0107i da smo mi vi\u0161e sujeverni nego verni, lako odbacimo post i prihvatimo ro\u0161tilj. Kod nas se na kraju krajeva, obrni okreni, sve svodi na hranu.<\/p>\n<p>Ajd, nek je i tako, ali ima vreme kada se jede, a kada se ne jede.<\/p>\n<p>Zato je neophodno da podsetimo na \u010dinjenicu da svako ko se iza\u0161njava kao pravoslavni Srbin NIKAKO NE SME MRSITI POSLEDNjU NEDELjU I DA NE DO\u0110E NA VASKRS U CRKVU! Kad se ve\u0107 ne dolazi tokom godine i kad smo mi toliko snishodili ljudima &#8211; tad ne smemo!<\/p>\n<p>Zaklju\u010dak je slede\u0107i:<\/p>\n<p>U Beogradu imate mnogo nesrba i nepravoslavaca koji guraju neku pri\u010du da vera zatupljuje narod. Finansirani i podr\u017eavani sa Zapada sve vi\u0161e to propagiraju.<\/p>\n","protected":false},"excerpt":{"rendered":"<p>&nbsp; Bogoslu\u017eenja u jagodinskim hramovima SPC o Vaskrsu. &nbsp; U besedi otac Predrag Popovi\u0107, jerej SPC, eparhije po\u017eareva\u010dko-brani\u010devske, o Vaskrsu izme\u0111u ostalog ka\u017ee: -Mora pri\u010dati &hellip; <\/p>\n","protected":false},"author":2,"featured_media":38181,"comment_status":"open","ping_status":"open","sticky":false,"template":"","format":"standard","meta":{"footnotes":""},"categories":[14,1524,2,1514,12],"tags":[58,894,1833],"_links":{"self":[{"href":"https:\/\/centralmedia.rs\/index.php\/wp-json\/wp\/v2\/posts\/38180"}],"collection":[{"href":"https:\/\/centralmedia.rs\/index.php\/wp-json\/wp\/v2\/posts"}],"about":[{"href":"https:\/\/centralmedia.rs\/index.php\/wp-json\/wp\/v2\/types\/post"}],"author":[{"embeddable":true,"href":"https:\/\/centralmedia.rs\/index.php\/wp-json\/wp\/v2\/users\/2"}],"replies":[{"embeddable":true,"href":"https:\/\/centralmedia.rs\/index.php\/wp-json\/wp\/v2\/comments?post=38180"}],"version-history":[{"count":4,"href":"https:\/\/centralmedia.rs\/index.php\/wp-json\/wp\/v2\/posts\/38180\/revisions"}],"predecessor-version":[{"id":38257,"href":"https:\/\/centralmedia.rs\/index.php\/wp-json\/wp\/v2\/posts\/38180\/revisions\/38257"}],"wp:featuredmedia":[{"embeddable":true,"href":"https:\/\/centralmedia.rs\/index.php\/wp-json\/wp\/v2\/media\/38181"}],"wp:attachment":[{"href":"https:\/\/centralmedia.rs\/index.php\/wp-json\/wp\/v2\/media?parent=38180"}],"wp:term":[{"taxonomy":"category","embeddable":true,"href":"https:\/\/centralmedia.rs\/index.php\/wp-json\/wp\/v2\/categories?post=38180"},{"taxonomy":"post_tag","embeddable":true,"href":"https:\/\/centralmedia.rs\/index.php\/wp-json\/wp\/v2\/tags?post=38180"}],"curies":[{"name":"wp","href":"https:\/\/api.w.org\/{rel}","templated":true}]}}