{"id":38194,"date":"2024-04-26T18:22:25","date_gmt":"2024-04-26T16:22:25","guid":{"rendered":"http:\/\/centralmedia.rs\/?p=38194"},"modified":"2024-05-02T09:28:04","modified_gmt":"2024-05-02T07:28:04","slug":"koalicija-js-sps-predala-listu-za-izbore-u-jagodini","status":"publish","type":"post","link":"https:\/\/centralmedia.rs\/index.php\/2024\/04\/26\/koalicija-js-sps-predala-listu-za-izbore-u-jagodini\/","title":{"rendered":"Koalicija JS-SPS predala listu za izbore u Jagodini"},"content":{"rendered":"<p>&nbsp;<\/p>\n<p>JAGODINA- Koalicija Jedinstvena Srbija i Socijalisti\u010dka partija Srbije je predala izbornu listi za lokalne izbore u Jagodini, zakazane za 2. Jun. Kako je navedeno u saop\u0161tenju, na listi su najugledniji ljudi koje ima Jagodina. Izborni slogan koalicije je \u201eZa doma\u0107insku Jagodinu\u201c. Naziv liste je \u201eDragan Markovi\u0107 Palma-Jedinstvena Srbija-Ivica Da\u010di\u0107-Socijalisti\u010dka partija -Za doma\u0107insku Jagodinu\u201c.<\/p>\n<div id='gallery-1' class='gallery galleryid-38194 gallery-columns-3 gallery-size-thumbnail'><figure class='gallery-item'>\n\t\t\t<div class='gallery-icon landscape'>\n\t\t\t\t<a href='https:\/\/centralmedia.rs\/index.php\/2024\/04\/26\/koalicija-js-sps-predala-listu-za-izbore-u-jagodini\/js-7\/'><img loading=\"lazy\" decoding=\"async\" width=\"150\" height=\"150\" src=\"https:\/\/centralmedia.rs\/wp-content\/uploads\/2024\/04\/js-150x150.jpg\" class=\"attachment-thumbnail size-thumbnail\" alt=\"\" \/><\/a>\n\t\t\t<\/div><\/figure><figure class='gallery-item'>\n\t\t\t<div class='gallery-icon landscape'>\n\t\t\t\t<a href='https:\/\/centralmedia.rs\/index.php\/2024\/04\/26\/koalicija-js-sps-predala-listu-za-izbore-u-jagodini\/js2-2\/'><img loading=\"lazy\" decoding=\"async\" width=\"150\" height=\"150\" src=\"https:\/\/centralmedia.rs\/wp-content\/uploads\/2024\/04\/js2-150x150.jpg\" class=\"attachment-thumbnail size-thumbnail\" alt=\"\" \/><\/a>\n\t\t\t<\/div><\/figure><figure class='gallery-item'>\n\t\t\t<div class='gallery-icon landscape'>\n\t\t\t\t<a href='https:\/\/centralmedia.rs\/index.php\/2024\/04\/26\/koalicija-js-sps-predala-listu-za-izbore-u-jagodini\/js1-6\/'><img loading=\"lazy\" decoding=\"async\" width=\"150\" height=\"150\" src=\"https:\/\/centralmedia.rs\/wp-content\/uploads\/2024\/04\/js1-150x150.jpg\" class=\"attachment-thumbnail size-thumbnail\" alt=\"\" \/><\/a>\n\t\t\t<\/div><\/figure>\n\t\t<\/div>\n\n","protected":false},"excerpt":{"rendered":"<p>&nbsp; JAGODINA- Koalicija Jedinstvena Srbija i Socijalisti\u010dka partija Srbije je predala izbornu listi za lokalne izbore u Jagodini, zakazane za 2. Jun. Kako je navedeno &hellip; <\/p>\n","protected":false},"author":2,"featured_media":38195,"comment_status":"open","ping_status":"open","sticky":false,"template":"","format":"standard","meta":{"footnotes":""},"categories":[1524,2,1514,13,12],"tags":[643,58,748,120],"_links":{"self":[{"href":"https:\/\/centralmedia.rs\/index.php\/wp-json\/wp\/v2\/posts\/38194"}],"collection":[{"href":"https:\/\/centralmedia.rs\/index.php\/wp-json\/wp\/v2\/posts"}],"about":[{"href":"https:\/\/centralmedia.rs\/index.php\/wp-json\/wp\/v2\/types\/post"}],"author":[{"embeddable":true,"href":"https:\/\/centralmedia.rs\/index.php\/wp-json\/wp\/v2\/users\/2"}],"replies":[{"embeddable":true,"href":"https:\/\/centralmedia.rs\/index.php\/wp-json\/wp\/v2\/comments?post=38194"}],"version-history":[{"count":1,"href":"https:\/\/centralmedia.rs\/index.php\/wp-json\/wp\/v2\/posts\/38194\/revisions"}],"predecessor-version":[{"id":38198,"href":"https:\/\/centralmedia.rs\/index.php\/wp-json\/wp\/v2\/posts\/38194\/revisions\/38198"}],"wp:featuredmedia":[{"embeddable":true,"href":"https:\/\/centralmedia.rs\/index.php\/wp-json\/wp\/v2\/media\/38195"}],"wp:attachment":[{"href":"https:\/\/centralmedia.rs\/index.php\/wp-json\/wp\/v2\/media?parent=38194"}],"wp:term":[{"taxonomy":"category","embeddable":true,"href":"https:\/\/centralmedia.rs\/index.php\/wp-json\/wp\/v2\/categories?post=38194"},{"taxonomy":"post_tag","embeddable":true,"href":"https:\/\/centralmedia.rs\/index.php\/wp-json\/wp\/v2\/tags?post=38194"}],"curies":[{"name":"wp","href":"https:\/\/api.w.org\/{rel}","templated":true}]}}