{"id":38199,"date":"2024-04-27T00:06:11","date_gmt":"2024-04-26T22:06:11","guid":{"rendered":"http:\/\/centralmedia.rs\/?p=38199"},"modified":"2024-05-02T09:28:11","modified_gmt":"2024-05-02T07:28:11","slug":"brza-pruga-jagodinu-ne-sme-da-podeli-na-dva-dela","status":"publish","type":"post","link":"https:\/\/centralmedia.rs\/index.php\/2024\/04\/27\/brza-pruga-jagodinu-ne-sme-da-podeli-na-dva-dela\/","title":{"rendered":"BRZA PRUGA JAGODINU NE SME DA PODELI NA DVA DELA"},"content":{"rendered":"<p>&nbsp;<\/p>\n<p>Brza pruga Jagodinu ne sme da podeli na dva dela, zaklju\u010dak je predstavnika Grada Jagodina i gra\u0111ana Jagodine na dana\u0161njem javnom uvidu u projekat brze pruge Beograd \u2013 Ni\u0161. \u00a0Sala Skup\u0161tine grada Jagodine bila je mala da primi sve zainteresovane za ovaj projekat, koji su podneli 144 primedbe.<\/p>\n<div id='gallery-1' class='gallery galleryid-38199 gallery-columns-7 gallery-size-thumbnail'><figure class='gallery-item'>\n\t\t\t<div class='gallery-icon landscape'>\n\t\t\t\t<a href='https:\/\/centralmedia.rs\/index.php\/2024\/04\/27\/brza-pruga-jagodinu-ne-sme-da-podeli-na-dva-dela\/javni-uvid1\/'><img loading=\"lazy\" decoding=\"async\" width=\"150\" height=\"150\" src=\"https:\/\/centralmedia.rs\/wp-content\/uploads\/2024\/04\/javni-uvid1-150x150.jpg\" class=\"attachment-thumbnail size-thumbnail\" alt=\"\" \/><\/a>\n\t\t\t<\/div><\/figure><figure class='gallery-item'>\n\t\t\t<div class='gallery-icon landscape'>\n\t\t\t\t<a href='https:\/\/centralmedia.rs\/index.php\/2024\/04\/27\/brza-pruga-jagodinu-ne-sme-da-podeli-na-dva-dela\/javni-uvid2\/'><img loading=\"lazy\" decoding=\"async\" width=\"150\" height=\"150\" src=\"https:\/\/centralmedia.rs\/wp-content\/uploads\/2024\/04\/javni-uvid2-150x150.jpg\" class=\"attachment-thumbnail size-thumbnail\" alt=\"\" \/><\/a>\n\t\t\t<\/div><\/figure><figure class='gallery-item'>\n\t\t\t<div class='gallery-icon landscape'>\n\t\t\t\t<a href='https:\/\/centralmedia.rs\/index.php\/2024\/04\/27\/brza-pruga-jagodinu-ne-sme-da-podeli-na-dva-dela\/javni-uvid3\/'><img loading=\"lazy\" decoding=\"async\" width=\"150\" height=\"150\" src=\"https:\/\/centralmedia.rs\/wp-content\/uploads\/2024\/04\/javni-uvid3-150x150.jpg\" class=\"attachment-thumbnail size-thumbnail\" alt=\"\" \/><\/a>\n\t\t\t<\/div><\/figure><figure class='gallery-item'>\n\t\t\t<div class='gallery-icon landscape'>\n\t\t\t\t<a href='https:\/\/centralmedia.rs\/index.php\/2024\/04\/27\/brza-pruga-jagodinu-ne-sme-da-podeli-na-dva-dela\/javni-uvid4\/'><img loading=\"lazy\" decoding=\"async\" width=\"150\" height=\"150\" src=\"https:\/\/centralmedia.rs\/wp-content\/uploads\/2024\/04\/javni-uvid4-150x150.jpg\" class=\"attachment-thumbnail size-thumbnail\" alt=\"\" \/><\/a>\n\t\t\t<\/div><\/figure><figure class='gallery-item'>\n\t\t\t<div class='gallery-icon landscape'>\n\t\t\t\t<a href='https:\/\/centralmedia.rs\/index.php\/2024\/04\/27\/brza-pruga-jagodinu-ne-sme-da-podeli-na-dva-dela\/javni-uvid5\/'><img loading=\"lazy\" decoding=\"async\" width=\"150\" height=\"150\" src=\"https:\/\/centralmedia.rs\/wp-content\/uploads\/2024\/04\/javni-uvid5-150x150.jpg\" class=\"attachment-thumbnail size-thumbnail\" alt=\"\" \/><\/a>\n\t\t\t<\/div><\/figure><figure class='gallery-item'>\n\t\t\t<div class='gallery-icon landscape'>\n\t\t\t\t<a href='https:\/\/centralmedia.rs\/index.php\/2024\/04\/27\/brza-pruga-jagodinu-ne-sme-da-podeli-na-dva-dela\/javni-uvid6\/'><img loading=\"lazy\" decoding=\"async\" width=\"150\" height=\"150\" src=\"https:\/\/centralmedia.rs\/wp-content\/uploads\/2024\/04\/javni-uvid6-150x150.jpg\" class=\"attachment-thumbnail size-thumbnail\" alt=\"\" \/><\/a>\n\t\t\t<\/div><\/figure><figure class='gallery-item'>\n\t\t\t<div class='gallery-icon landscape'>\n\t\t\t\t<a href='https:\/\/centralmedia.rs\/index.php\/2024\/04\/27\/brza-pruga-jagodinu-ne-sme-da-podeli-na-dva-dela\/javni-uvid\/'><img loading=\"lazy\" decoding=\"async\" width=\"150\" height=\"150\" src=\"https:\/\/centralmedia.rs\/wp-content\/uploads\/2024\/04\/javni-uvid-150x150.jpg\" class=\"attachment-thumbnail size-thumbnail\" alt=\"\" \/><\/a>\n\t\t\t<\/div><\/figure>\n\t\t<\/div>\n\n<p>-Ukidanje te saobra\u0107ajnice je ne\u0161to nezamislivo. Ne mo\u017eete da mi ka\u017eete da taj problem ne mo\u017ee, raznim gra\u0111evinskim tehnikama, da se re\u0161i. Kada je sada pruga zatvorena na ovom prelazu, imamo kolaps na dva nadvo\u017enjaka. Mi ne mo\u017eemo da uradimo saobra\u0107ajnicu koja \u0107e da uslu\u017euje pola Srbije? To ne mogu da shvatim. Molim Komisiju da izna\u0111e mogu\u0107nost izme\u0161tanja pruge iz centra grada. Ovim predlogom delimo grad na dva dela, rekao je direktor JP Ure\u0111enje i javno osvetljenje Boba Tomi\u0107.<\/p>\n<p>Gra\u0111ani Jagodine iz dela pored pruge pokrenuli su peticiju i sakupili su 1.500 potpisa, a zahtevaju da se pruga izmesti van grada.<\/p>\n<p>&#8211; Predlo\u017eili smo da pruga nastavi od Bukov\u010da trasom pored auto puta, napravili bi most na Belici i ni\u0161ta ne bi remetili. Pruga bi i\u0161la kroz novu industrijsku zonu. Jezgro grada oko 30.000 stanovnika je oko postoje\u0107e pruge. To bi bio tunel, koji oivi\u010duju zvu\u010dne barijere visine 5 metara a grad bi bio podeljen na dva dela. Kao Berlinski zid. Nije predvi\u0111en nadvo\u017enjak ili podvo\u017enjak kod starog Juhora, samo podvo\u017enjak za pe\u0161ake, dok bi saoba\u0107aj bio preko postoje\u0107a dva nadvo\u017enjaka, \u0161to je malo za funkcionisanje saobra\u0107aja trenutno, a kamoli u budu\u0107nosti, ka\u017eu gra\u0111ani<\/p>\n<p>Komisija je najavila razmatranje zahteva Grada i gra\u0111ana Jagodine.<\/p>\n","protected":false},"excerpt":{"rendered":"<p>&nbsp; Brza pruga Jagodinu ne sme da podeli na dva dela, zaklju\u010dak je predstavnika Grada Jagodina i gra\u0111ana Jagodine na dana\u0161njem javnom uvidu u projekat &hellip; <\/p>\n","protected":false},"author":2,"featured_media":38200,"comment_status":"open","ping_status":"open","sticky":false,"template":"","format":"standard","meta":{"footnotes":""},"categories":[1524,2,1514,16,12],"tags":[6503,58],"_links":{"self":[{"href":"https:\/\/centralmedia.rs\/index.php\/wp-json\/wp\/v2\/posts\/38199"}],"collection":[{"href":"https:\/\/centralmedia.rs\/index.php\/wp-json\/wp\/v2\/posts"}],"about":[{"href":"https:\/\/centralmedia.rs\/index.php\/wp-json\/wp\/v2\/types\/post"}],"author":[{"embeddable":true,"href":"https:\/\/centralmedia.rs\/index.php\/wp-json\/wp\/v2\/users\/2"}],"replies":[{"embeddable":true,"href":"https:\/\/centralmedia.rs\/index.php\/wp-json\/wp\/v2\/comments?post=38199"}],"version-history":[{"count":3,"href":"https:\/\/centralmedia.rs\/index.php\/wp-json\/wp\/v2\/posts\/38199\/revisions"}],"predecessor-version":[{"id":38229,"href":"https:\/\/centralmedia.rs\/index.php\/wp-json\/wp\/v2\/posts\/38199\/revisions\/38229"}],"wp:featuredmedia":[{"embeddable":true,"href":"https:\/\/centralmedia.rs\/index.php\/wp-json\/wp\/v2\/media\/38200"}],"wp:attachment":[{"href":"https:\/\/centralmedia.rs\/index.php\/wp-json\/wp\/v2\/media?parent=38199"}],"wp:term":[{"taxonomy":"category","embeddable":true,"href":"https:\/\/centralmedia.rs\/index.php\/wp-json\/wp\/v2\/categories?post=38199"},{"taxonomy":"post_tag","embeddable":true,"href":"https:\/\/centralmedia.rs\/index.php\/wp-json\/wp\/v2\/tags?post=38199"}],"curies":[{"name":"wp","href":"https:\/\/api.w.org\/{rel}","templated":true}]}}