{"id":38208,"date":"2024-04-27T00:17:40","date_gmt":"2024-04-26T22:17:40","guid":{"rendered":"http:\/\/centralmedia.rs\/?p=38208"},"modified":"2024-05-02T09:28:23","modified_gmt":"2024-05-02T07:28:23","slug":"prirodnjacki-centar-srbije-avantura-i-provod-zagarantovani","status":"publish","type":"post","link":"https:\/\/centralmedia.rs\/index.php\/2024\/04\/27\/prirodnjacki-centar-srbije-avantura-i-provod-zagarantovani\/","title":{"rendered":"PRIRODNJA\u010cKI CENTAR SRBIJE \u2013 AVANTURA I PROVOD ZAGARANTOVANI"},"content":{"rendered":"<p>&nbsp;<\/p>\n<p>Prirodnja\u010dki centar Srbije u Svilajncu tokom cele naredne organizuje \u00a0program\u00a0 prigodan za sve \u010dlanove porodice. Iz te ustanove pozivaju posetioce da na najbolji i najbogatiji program do sada. Avantura i provod su zagarantovani.<\/p>\n<div id='gallery-1' class='gallery galleryid-38208 gallery-columns-5 gallery-size-thumbnail'><figure class='gallery-item'>\n\t\t\t<div class='gallery-icon landscape'>\n\t\t\t\t<a href='https:\/\/centralmedia.rs\/index.php\/2024\/04\/27\/prirodnjacki-centar-srbije-avantura-i-provod-zagarantovani\/prirodnjacki-centar-7\/'><img loading=\"lazy\" decoding=\"async\" width=\"150\" height=\"150\" src=\"https:\/\/centralmedia.rs\/wp-content\/uploads\/2024\/04\/prirodnjacki-centar-150x150.jpg\" class=\"attachment-thumbnail size-thumbnail\" alt=\"\" srcset=\"https:\/\/centralmedia.rs\/wp-content\/uploads\/2024\/04\/prirodnjacki-centar-150x150.jpg 150w, https:\/\/centralmedia.rs\/wp-content\/uploads\/2024\/04\/prirodnjacki-centar-300x300.jpg 300w, https:\/\/centralmedia.rs\/wp-content\/uploads\/2024\/04\/prirodnjacki-centar-768x768.jpg 768w, https:\/\/centralmedia.rs\/wp-content\/uploads\/2024\/04\/prirodnjacki-centar-1024x1024.jpg 1024w, https:\/\/centralmedia.rs\/wp-content\/uploads\/2024\/04\/prirodnjacki-centar-420x420.jpg 420w, https:\/\/centralmedia.rs\/wp-content\/uploads\/2024\/04\/prirodnjacki-centar-640x640.jpg 640w, https:\/\/centralmedia.rs\/wp-content\/uploads\/2024\/04\/prirodnjacki-centar-681x681.jpg 681w, https:\/\/centralmedia.rs\/wp-content\/uploads\/2024\/04\/prirodnjacki-centar.jpg 1080w\" sizes=\"(max-width: 150px) 100vw, 150px\" \/><\/a>\n\t\t\t<\/div><\/figure><figure class='gallery-item'>\n\t\t\t<div class='gallery-icon landscape'>\n\t\t\t\t<a href='https:\/\/centralmedia.rs\/index.php\/2024\/04\/27\/prirodnjacki-centar-srbije-avantura-i-provod-zagarantovani\/pc-3\/'><img loading=\"lazy\" decoding=\"async\" width=\"150\" height=\"150\" src=\"https:\/\/centralmedia.rs\/wp-content\/uploads\/2024\/04\/pc-150x150.jpg\" class=\"attachment-thumbnail size-thumbnail\" alt=\"\" srcset=\"https:\/\/centralmedia.rs\/wp-content\/uploads\/2024\/04\/pc-150x150.jpg 150w, https:\/\/centralmedia.rs\/wp-content\/uploads\/2024\/04\/pc-300x300.jpg 300w, https:\/\/centralmedia.rs\/wp-content\/uploads\/2024\/04\/pc-768x768.jpg 768w, https:\/\/centralmedia.rs\/wp-content\/uploads\/2024\/04\/pc-1024x1024.jpg 1024w, https:\/\/centralmedia.rs\/wp-content\/uploads\/2024\/04\/pc-420x420.jpg 420w, https:\/\/centralmedia.rs\/wp-content\/uploads\/2024\/04\/pc-640x640.jpg 640w, https:\/\/centralmedia.rs\/wp-content\/uploads\/2024\/04\/pc-681x681.jpg 681w, https:\/\/centralmedia.rs\/wp-content\/uploads\/2024\/04\/pc.jpg 1080w\" sizes=\"(max-width: 150px) 100vw, 150px\" \/><\/a>\n\t\t\t<\/div><\/figure><figure class='gallery-item'>\n\t\t\t<div class='gallery-icon landscape'>\n\t\t\t\t<a href='https:\/\/centralmedia.rs\/index.php\/2024\/04\/27\/prirodnjacki-centar-srbije-avantura-i-provod-zagarantovani\/pc1-3\/'><img loading=\"lazy\" decoding=\"async\" width=\"150\" height=\"150\" src=\"https:\/\/centralmedia.rs\/wp-content\/uploads\/2024\/04\/pc1-150x150.jpg\" class=\"attachment-thumbnail size-thumbnail\" alt=\"\" srcset=\"https:\/\/centralmedia.rs\/wp-content\/uploads\/2024\/04\/pc1-150x150.jpg 150w, https:\/\/centralmedia.rs\/wp-content\/uploads\/2024\/04\/pc1-300x300.jpg 300w, https:\/\/centralmedia.rs\/wp-content\/uploads\/2024\/04\/pc1-768x768.jpg 768w, https:\/\/centralmedia.rs\/wp-content\/uploads\/2024\/04\/pc1-1024x1024.jpg 1024w, https:\/\/centralmedia.rs\/wp-content\/uploads\/2024\/04\/pc1-420x420.jpg 420w, https:\/\/centralmedia.rs\/wp-content\/uploads\/2024\/04\/pc1-640x640.jpg 640w, https:\/\/centralmedia.rs\/wp-content\/uploads\/2024\/04\/pc1-681x681.jpg 681w, https:\/\/centralmedia.rs\/wp-content\/uploads\/2024\/04\/pc1.jpg 1080w\" sizes=\"(max-width: 150px) 100vw, 150px\" \/><\/a>\n\t\t\t<\/div><\/figure><figure class='gallery-item'>\n\t\t\t<div class='gallery-icon landscape'>\n\t\t\t\t<a href='https:\/\/centralmedia.rs\/index.php\/2024\/04\/27\/prirodnjacki-centar-srbije-avantura-i-provod-zagarantovani\/pc2-3\/'><img loading=\"lazy\" decoding=\"async\" width=\"150\" height=\"150\" src=\"https:\/\/centralmedia.rs\/wp-content\/uploads\/2024\/04\/pc2-150x150.jpg\" class=\"attachment-thumbnail size-thumbnail\" alt=\"\" srcset=\"https:\/\/centralmedia.rs\/wp-content\/uploads\/2024\/04\/pc2-150x150.jpg 150w, https:\/\/centralmedia.rs\/wp-content\/uploads\/2024\/04\/pc2-300x300.jpg 300w, https:\/\/centralmedia.rs\/wp-content\/uploads\/2024\/04\/pc2-768x768.jpg 768w, https:\/\/centralmedia.rs\/wp-content\/uploads\/2024\/04\/pc2-1024x1024.jpg 1024w, https:\/\/centralmedia.rs\/wp-content\/uploads\/2024\/04\/pc2-420x420.jpg 420w, https:\/\/centralmedia.rs\/wp-content\/uploads\/2024\/04\/pc2-640x640.jpg 640w, https:\/\/centralmedia.rs\/wp-content\/uploads\/2024\/04\/pc2-681x681.jpg 681w, https:\/\/centralmedia.rs\/wp-content\/uploads\/2024\/04\/pc2.jpg 1080w\" sizes=\"(max-width: 150px) 100vw, 150px\" \/><\/a>\n\t\t\t<\/div><\/figure><figure class='gallery-item'>\n\t\t\t<div class='gallery-icon landscape'>\n\t\t\t\t<a href='https:\/\/centralmedia.rs\/index.php\/2024\/04\/27\/prirodnjacki-centar-srbije-avantura-i-provod-zagarantovani\/pc3-2\/'><img loading=\"lazy\" decoding=\"async\" width=\"150\" height=\"150\" src=\"https:\/\/centralmedia.rs\/wp-content\/uploads\/2024\/04\/pc3-150x150.jpg\" class=\"attachment-thumbnail size-thumbnail\" alt=\"\" srcset=\"https:\/\/centralmedia.rs\/wp-content\/uploads\/2024\/04\/pc3-150x150.jpg 150w, https:\/\/centralmedia.rs\/wp-content\/uploads\/2024\/04\/pc3-300x300.jpg 300w, https:\/\/centralmedia.rs\/wp-content\/uploads\/2024\/04\/pc3-768x768.jpg 768w, https:\/\/centralmedia.rs\/wp-content\/uploads\/2024\/04\/pc3-1024x1024.jpg 1024w, https:\/\/centralmedia.rs\/wp-content\/uploads\/2024\/04\/pc3-420x420.jpg 420w, https:\/\/centralmedia.rs\/wp-content\/uploads\/2024\/04\/pc3-640x640.jpg 640w, https:\/\/centralmedia.rs\/wp-content\/uploads\/2024\/04\/pc3-681x681.jpg 681w, https:\/\/centralmedia.rs\/wp-content\/uploads\/2024\/04\/pc3.jpg 1080w\" sizes=\"(max-width: 150px) 100vw, 150px\" \/><\/a>\n\t\t\t<\/div><\/figure>\n\t\t<\/div>\n\n<p>Pored nove izlo\u017ebe, koja \u0107e vas odu\u0161eviti mali\u0161ane, ali odrasle, tu je park u kome je u autenti\u010dnom ambijentu preko 30 replika dinosaurusa. Pripremljene su razli\u010dite aktivnosti poput predstave za decu, bioskopskih projekcija, kreativnih radionica, takmi\u010darskih igara za decu ali i za odrasle sa fenomenalnim nagradama.<\/p>\n<p>Radno vreme od 10h do 18h<\/p>\n","protected":false},"excerpt":{"rendered":"<p>&nbsp; Prirodnja\u010dki centar Srbije u Svilajncu tokom cele naredne organizuje \u00a0program\u00a0 prigodan za sve \u010dlanove porodice. Iz te ustanove pozivaju posetioce da na najbolji i &hellip; <\/p>\n","protected":false},"author":2,"featured_media":38209,"comment_status":"open","ping_status":"open","sticky":false,"template":"","format":"standard","meta":{"footnotes":""},"categories":[1524,2,23,887,5785,1517,3054],"tags":[1127,38],"_links":{"self":[{"href":"https:\/\/centralmedia.rs\/index.php\/wp-json\/wp\/v2\/posts\/38208"}],"collection":[{"href":"https:\/\/centralmedia.rs\/index.php\/wp-json\/wp\/v2\/posts"}],"about":[{"href":"https:\/\/centralmedia.rs\/index.php\/wp-json\/wp\/v2\/types\/post"}],"author":[{"embeddable":true,"href":"https:\/\/centralmedia.rs\/index.php\/wp-json\/wp\/v2\/users\/2"}],"replies":[{"embeddable":true,"href":"https:\/\/centralmedia.rs\/index.php\/wp-json\/wp\/v2\/comments?post=38208"}],"version-history":[{"count":1,"href":"https:\/\/centralmedia.rs\/index.php\/wp-json\/wp\/v2\/posts\/38208\/revisions"}],"predecessor-version":[{"id":38214,"href":"https:\/\/centralmedia.rs\/index.php\/wp-json\/wp\/v2\/posts\/38208\/revisions\/38214"}],"wp:featuredmedia":[{"embeddable":true,"href":"https:\/\/centralmedia.rs\/index.php\/wp-json\/wp\/v2\/media\/38209"}],"wp:attachment":[{"href":"https:\/\/centralmedia.rs\/index.php\/wp-json\/wp\/v2\/media?parent=38208"}],"wp:term":[{"taxonomy":"category","embeddable":true,"href":"https:\/\/centralmedia.rs\/index.php\/wp-json\/wp\/v2\/categories?post=38208"},{"taxonomy":"post_tag","embeddable":true,"href":"https:\/\/centralmedia.rs\/index.php\/wp-json\/wp\/v2\/tags?post=38208"}],"curies":[{"name":"wp","href":"https:\/\/api.w.org\/{rel}","templated":true}]}}