{"id":38222,"date":"2024-04-25T00:37:02","date_gmt":"2024-04-24T22:37:02","guid":{"rendered":"http:\/\/centralmedia.rs\/?p=38222"},"modified":"2024-04-27T00:38:02","modified_gmt":"2024-04-26T22:38:02","slug":"deciji-bazar","status":"publish","type":"post","link":"https:\/\/centralmedia.rs\/index.php\/2024\/04\/25\/deciji-bazar\/","title":{"rendered":"DE\u010cIJI BAZAR"},"content":{"rendered":"<p>&nbsp;<\/p>\n<p>U izdvojenom odeljenju osnovne \u0161kole &#8220;Milivoje Borovi\u0107&#8221; u Krivoj Reci u \u010cajetini \u00a0organizovan je de\u010diji bazar humanitarne namene. Radionica sa prodajom sprovedena je u okviru projekta Oboga\u0107eni jednosmenski rad.<\/p>\n<p>Dovri\u0161e krivore\u010dke \u0161kole ponovo je okupilo decu i posetioce sa posebnim povodom, u kojem je do izra\u017eaja do\u0161la ma\u0161tovitost i dovitljivost dece. U pripremi proizvoda za de\u010diji bazar u\u010destvovalo je 52 u\u010denika od prvog do \u010detvrtog razreda, 28 iz Krive Reke i 24 iz \u0160ljivovice. Na \u0161arenim tezgama ove zanimljive pijace bili su med od masla\u010dka, sok od limuna, korpice za Vaskr\u0161nja jaja, rasad \u010duvarku\u0107e, ukrasi i nakit, pripremljeno je i poslu\u017eenje, a artikli su stigli i iz Medicinske \u0161kole iz U\u017eica.<\/p>\n<p>\u201eMi ina\u010de kod dece \u017eelimo da podsti\u010demo humanost, da razvijamo kod njih pravi sistem vrednosti, a istovremeno \u017eelimo da razvijemo i taj preduzetni\u010dki duh, da oni samostalno ne\u0161to naprave, da vide na koji na\u010din mogu da zarade neki novac, i kako kasnije taj novac mo\u017eemo da preusmerimo ka onima kojima je to potrebnije nego nama i da ih usre\u0107imo na taj na\u010din. Oni vole te aktivnosti u kojima ne\u0161to stvaraju, i svi smo u\u017eivali,\u201c ka\u017ee u\u010diteljica Ljiljana Petrovi\u0107 koja je radila sa \u0111acima i dodaje da su deca odu\u0161evljena idejom da bazar bude humanitarnog karaktera. Prikupljena sredstva bi\u0107e usmerena za pomo\u0107 nekom od u\u010denika slabijeg materijalnog stanja, a o tome \u0107e odlu\u010diti \u0111a\u010dki parlament. Doga\u0111aj je ispratila direktorka O\u0160 \u201eMilivoje Borovi\u0107\u201c Ana Ristanovi\u0107, a posetili su ga i direktor Eko Agrara Marko Mari\u0107 i pomo\u0107nica predsednika op\u0161tine \u010cajetina Marija Jeremi\u0107. Projekat oboga\u0107ene jednosmenske nastave podrazumeva rad nakon redovne nastave u koji spadaju izrada doma\u0107ih zadataka, posebne radionice i druge aktivnosti.<\/p>\n","protected":false},"excerpt":{"rendered":"<p>&nbsp; U izdvojenom odeljenju osnovne \u0161kole &#8220;Milivoje Borovi\u0107&#8221; u Krivoj Reci u \u010cajetini \u00a0organizovan je de\u010diji bazar humanitarne namene. Radionica sa prodajom sprovedena je u &hellip; <\/p>\n","protected":false},"author":2,"featured_media":38223,"comment_status":"open","ping_status":"open","sticky":false,"template":"","format":"standard","meta":{"footnotes":""},"categories":[14,1524,2,12],"tags":[2762,6504],"_links":{"self":[{"href":"https:\/\/centralmedia.rs\/index.php\/wp-json\/wp\/v2\/posts\/38222"}],"collection":[{"href":"https:\/\/centralmedia.rs\/index.php\/wp-json\/wp\/v2\/posts"}],"about":[{"href":"https:\/\/centralmedia.rs\/index.php\/wp-json\/wp\/v2\/types\/post"}],"author":[{"embeddable":true,"href":"https:\/\/centralmedia.rs\/index.php\/wp-json\/wp\/v2\/users\/2"}],"replies":[{"embeddable":true,"href":"https:\/\/centralmedia.rs\/index.php\/wp-json\/wp\/v2\/comments?post=38222"}],"version-history":[{"count":1,"href":"https:\/\/centralmedia.rs\/index.php\/wp-json\/wp\/v2\/posts\/38222\/revisions"}],"predecessor-version":[{"id":38224,"href":"https:\/\/centralmedia.rs\/index.php\/wp-json\/wp\/v2\/posts\/38222\/revisions\/38224"}],"wp:featuredmedia":[{"embeddable":true,"href":"https:\/\/centralmedia.rs\/index.php\/wp-json\/wp\/v2\/media\/38223"}],"wp:attachment":[{"href":"https:\/\/centralmedia.rs\/index.php\/wp-json\/wp\/v2\/media?parent=38222"}],"wp:term":[{"taxonomy":"category","embeddable":true,"href":"https:\/\/centralmedia.rs\/index.php\/wp-json\/wp\/v2\/categories?post=38222"},{"taxonomy":"post_tag","embeddable":true,"href":"https:\/\/centralmedia.rs\/index.php\/wp-json\/wp\/v2\/tags?post=38222"}],"curies":[{"name":"wp","href":"https:\/\/api.w.org\/{rel}","templated":true}]}}