{"id":38231,"date":"2024-04-28T11:50:28","date_gmt":"2024-04-28T09:50:28","guid":{"rendered":"http:\/\/centralmedia.rs\/?p=38231"},"modified":"2024-05-02T09:29:04","modified_gmt":"2024-05-02T07:29:04","slug":"koalicija-jedinstvena-srbija-i-sps-demantovali-ferku","status":"publish","type":"post","link":"https:\/\/centralmedia.rs\/index.php\/2024\/04\/28\/koalicija-jedinstvena-srbija-i-sps-demantovali-ferku\/","title":{"rendered":"KOALICIJA JEDINSTVENA SRBIJA I SPS DEMANTOVALI FERKU"},"content":{"rendered":"<p>&nbsp;<\/p>\n<p>Koalicija Jedinstvene Srbije (JS) i Socijalisti\u010dke partije Srbije (SPS) odbacila je kao neistinite navode u javnosti da je bilo neregularnosti u izbornom procesu u Jagodini, te demantovala Ferku i medije koju su preneli saop\u0161tenje o neregularnostima.<\/p>\n<p>Prema navodima koalicije \u201eDragan Markovi\u0107 Palma \u2013 JS \u2013 Ivica Da\u010di\u0107 \u2013 SPS\u201c, radi se o \u201e\u010distoj la\u017ei\u201c.<\/p>\n<p>Gradska izborna komisija u Jagodini je, prema navodima te koalicije, 26. aprila donela Odluku o obrascima za lokalne izbore raspisane za 2. jun i tu odluku objavila na sajtu Skup\u0161tine grada Jagodina u 12:10 istog dana. Na taj na\u010din obrasci potrebni za podno\u0161enje izbornih listi postali su dostupni svima, navela je koalicija JS i SPS, isti\u010du\u0107i da je sakupila oko 800 potpisa za manje od dva sata i predala listu oko 16 \u010dasova.<\/p>\n<p>\u201eSve ostalo su \u0161pekulacije i neistine u re\u017eiji kuhinje koja je nama jako dobro poznata, kuhinje koja zbog svoje nesposobnosti nema \u0161ta drugo nego da servira otrovne la\u017ei\u201c, navela je koalicija JS i SPS u saop\u0161tenju.<\/p>\n<p>Ina\u010de, Kampanja za fer izbore (FERKA) zatra\u017eila je hitnu rekaciju Tu\u017eila\u0161tva i drugih nadle\u017enih zbog \u201ezabrinjavaju\u0107ih neregularnosti\u201c u predizbornom procesu u Jagodini.<\/p>\n","protected":false},"excerpt":{"rendered":"<p>&nbsp; Koalicija Jedinstvene Srbije (JS) i Socijalisti\u010dke partije Srbije (SPS) odbacila je kao neistinite navode u javnosti da je bilo neregularnosti u izbornom procesu u &hellip; <\/p>\n","protected":false},"author":2,"featured_media":38197,"comment_status":"open","ping_status":"open","sticky":false,"template":"","format":"standard","meta":{"footnotes":""},"categories":[1524,2,1514,13,12],"tags":[6505,643,748],"_links":{"self":[{"href":"https:\/\/centralmedia.rs\/index.php\/wp-json\/wp\/v2\/posts\/38231"}],"collection":[{"href":"https:\/\/centralmedia.rs\/index.php\/wp-json\/wp\/v2\/posts"}],"about":[{"href":"https:\/\/centralmedia.rs\/index.php\/wp-json\/wp\/v2\/types\/post"}],"author":[{"embeddable":true,"href":"https:\/\/centralmedia.rs\/index.php\/wp-json\/wp\/v2\/users\/2"}],"replies":[{"embeddable":true,"href":"https:\/\/centralmedia.rs\/index.php\/wp-json\/wp\/v2\/comments?post=38231"}],"version-history":[{"count":1,"href":"https:\/\/centralmedia.rs\/index.php\/wp-json\/wp\/v2\/posts\/38231\/revisions"}],"predecessor-version":[{"id":38232,"href":"https:\/\/centralmedia.rs\/index.php\/wp-json\/wp\/v2\/posts\/38231\/revisions\/38232"}],"wp:featuredmedia":[{"embeddable":true,"href":"https:\/\/centralmedia.rs\/index.php\/wp-json\/wp\/v2\/media\/38197"}],"wp:attachment":[{"href":"https:\/\/centralmedia.rs\/index.php\/wp-json\/wp\/v2\/media?parent=38231"}],"wp:term":[{"taxonomy":"category","embeddable":true,"href":"https:\/\/centralmedia.rs\/index.php\/wp-json\/wp\/v2\/categories?post=38231"},{"taxonomy":"post_tag","embeddable":true,"href":"https:\/\/centralmedia.rs\/index.php\/wp-json\/wp\/v2\/tags?post=38231"}],"curies":[{"name":"wp","href":"https:\/\/api.w.org\/{rel}","templated":true}]}}