{"id":38233,"date":"2024-04-28T11:54:26","date_gmt":"2024-04-28T09:54:26","guid":{"rendered":"http:\/\/centralmedia.rs\/?p=38233"},"modified":"2024-05-02T09:29:16","modified_gmt":"2024-05-02T07:29:16","slug":"lista-aleksandar-vucic-svilajnac-sutra-predrag-milanovic-predala-kandidaturu","status":"publish","type":"post","link":"https:\/\/centralmedia.rs\/index.php\/2024\/04\/28\/lista-aleksandar-vucic-svilajnac-sutra-predrag-milanovic-predala-kandidaturu\/","title":{"rendered":"LISTA \u201cALEKSANDAR VU\u010cI\u0106-SVILAJNAC SUTRA-PREDRAG MILANOVI\u0106\u201d PREDALA KANDIDATURU"},"content":{"rendered":"<p>&nbsp;<\/p>\n<p>Grupa gra\u0111ana Svilajnac \u010duva budu\u0107nost i Srpska napredna stranka Svilajnac &#8211; Srpska napredna stranka Svilajnac, zajedno sa Svilajn\u010danima koji pripadaju razli\u010ditim politi\u010dkim opcijama, prvi su Op\u0161tinskoj izbornoj komisiji predali kandidaturu zajedni\u010dke izborne liste za predstoje\u0107e lokalne izbore.<\/p>\n<div id='gallery-1' class='gallery galleryid-38233 gallery-columns-3 gallery-size-thumbnail'><figure class='gallery-item'>\n\t\t\t<div class='gallery-icon landscape'>\n\t\t\t\t<a href='https:\/\/centralmedia.rs\/index.php\/2024\/04\/28\/lista-aleksandar-vucic-svilajnac-sutra-predrag-milanovic-predala-kandidaturu\/sns-18\/'><img loading=\"lazy\" decoding=\"async\" width=\"150\" height=\"150\" src=\"https:\/\/centralmedia.rs\/wp-content\/uploads\/2024\/04\/sns-150x150.jpg\" class=\"attachment-thumbnail size-thumbnail\" alt=\"\" \/><\/a>\n\t\t\t<\/div><\/figure><figure class='gallery-item'>\n\t\t\t<div class='gallery-icon landscape'>\n\t\t\t\t<a href='https:\/\/centralmedia.rs\/index.php\/2024\/04\/28\/lista-aleksandar-vucic-svilajnac-sutra-predrag-milanovic-predala-kandidaturu\/sns1-5\/'><img loading=\"lazy\" decoding=\"async\" width=\"150\" height=\"150\" src=\"https:\/\/centralmedia.rs\/wp-content\/uploads\/2024\/04\/sns1-150x150.jpg\" class=\"attachment-thumbnail size-thumbnail\" alt=\"\" \/><\/a>\n\t\t\t<\/div><\/figure><figure class='gallery-item'>\n\t\t\t<div class='gallery-icon landscape'>\n\t\t\t\t<a href='https:\/\/centralmedia.rs\/index.php\/2024\/04\/28\/lista-aleksandar-vucic-svilajnac-sutra-predrag-milanovic-predala-kandidaturu\/sns2-3\/'><img loading=\"lazy\" decoding=\"async\" width=\"150\" height=\"150\" src=\"https:\/\/centralmedia.rs\/wp-content\/uploads\/2024\/04\/sns2-150x150.jpg\" class=\"attachment-thumbnail size-thumbnail\" alt=\"\" \/><\/a>\n\t\t\t<\/div><\/figure>\n\t\t<\/div>\n\n<p>Zajedni\u010dka lista sa kandidatima za odbornike SO Svilajnac nosi\u0107e naziv \u201cALEKSANDAR VU\u010cI\u0106-SVILAJNAC SUTRA-PREDRAG MILANOVI\u0106\u201d, a nosilac liste i kandidat za predsednika Op\u0161tine Svilajnac bi\u0107e Predrag Milanovi\u0107.<\/p>\n<p>\u201cDobri rezultati iz prethodnog perioda primer su odli\u010dne saradnje lokalne samouprave i dr\u017eavnih institucija u interesu svih Svilajn\u010dana. Pripadamo razli\u010ditim politi\u010dkim opcijama, ali re\u0161avanje problema na\u0161ih gra\u0111ana ne ostavlja mesta za podele. Pokazali smo da zajedno mo\u017eemo mnogo i na\u0161 plan je da i u narednom periodu odgovorimo potrebama gra\u0111ana i realizujemo nove kapitalne projekte\u201d, rekao je Predrag Milanovi\u0107 kandidat za predsednika Op\u0161tine Svilajnac.<\/p>\n","protected":false},"excerpt":{"rendered":"<p>&nbsp; Grupa gra\u0111ana Svilajnac \u010duva budu\u0107nost i Srpska napredna stranka Svilajnac &#8211; Srpska napredna stranka Svilajnac, zajedno sa Svilajn\u010danima koji pripadaju razli\u010ditim politi\u010dkim opcijama, prvi &hellip; <\/p>\n","protected":false},"author":2,"featured_media":38234,"comment_status":"open","ping_status":"open","sticky":false,"template":"","format":"standard","meta":{"footnotes":""},"categories":[1524,2,13,12,1517],"tags":[643,136,38],"_links":{"self":[{"href":"https:\/\/centralmedia.rs\/index.php\/wp-json\/wp\/v2\/posts\/38233"}],"collection":[{"href":"https:\/\/centralmedia.rs\/index.php\/wp-json\/wp\/v2\/posts"}],"about":[{"href":"https:\/\/centralmedia.rs\/index.php\/wp-json\/wp\/v2\/types\/post"}],"author":[{"embeddable":true,"href":"https:\/\/centralmedia.rs\/index.php\/wp-json\/wp\/v2\/users\/2"}],"replies":[{"embeddable":true,"href":"https:\/\/centralmedia.rs\/index.php\/wp-json\/wp\/v2\/comments?post=38233"}],"version-history":[{"count":2,"href":"https:\/\/centralmedia.rs\/index.php\/wp-json\/wp\/v2\/posts\/38233\/revisions"}],"predecessor-version":[{"id":38238,"href":"https:\/\/centralmedia.rs\/index.php\/wp-json\/wp\/v2\/posts\/38233\/revisions\/38238"}],"wp:featuredmedia":[{"embeddable":true,"href":"https:\/\/centralmedia.rs\/index.php\/wp-json\/wp\/v2\/media\/38234"}],"wp:attachment":[{"href":"https:\/\/centralmedia.rs\/index.php\/wp-json\/wp\/v2\/media?parent=38233"}],"wp:term":[{"taxonomy":"category","embeddable":true,"href":"https:\/\/centralmedia.rs\/index.php\/wp-json\/wp\/v2\/categories?post=38233"},{"taxonomy":"post_tag","embeddable":true,"href":"https:\/\/centralmedia.rs\/index.php\/wp-json\/wp\/v2\/tags?post=38233"}],"curies":[{"name":"wp","href":"https:\/\/api.w.org\/{rel}","templated":true}]}}