{"id":38267,"date":"2024-05-01T09:08:10","date_gmt":"2024-05-01T07:08:10","guid":{"rendered":"http:\/\/centralmedia.rs\/?p=38267"},"modified":"2024-05-09T16:34:14","modified_gmt":"2024-05-09T14:34:14","slug":"palma-i-ovi-iz-oebs-a-i-iz-odihr-a-bi-u-srbiji-glasali-za-stranke-vladajuce-koalicije-jedinstvena-srbija-ce-glasati-za-izbor-nove-vlade-srbije","status":"publish","type":"post","link":"https:\/\/centralmedia.rs\/index.php\/2024\/05\/01\/palma-i-ovi-iz-oebs-a-i-iz-odihr-a-bi-u-srbiji-glasali-za-stranke-vladajuce-koalicije-jedinstvena-srbija-ce-glasati-za-izbor-nove-vlade-srbije\/","title":{"rendered":"PALMA : I OVI IZ OEBS &#8211; a I IZ ODIHR &#8211; a BI U SRBIJI GLASALI ZA STRANKE VLADAJU\u0106E KOALICIJE \u2013 JEDINSTVENA SRBIJA \u0106E GLASATI ZA IZBOR NOVE VLADE SRBIJE"},"content":{"rendered":"<p>&nbsp;<\/p>\n<p>\u201cGospodine Vu\u010devi\u0107u \u010destitam Vam na podnesenom ekspozeu koji je bio takav da se svaki gra\u0111anin Srbije prepoznao. Vi niste rekli \u201covo \u0107emo videti\u201d, \u201cza ovo neko treba da mi javi\u201d i \u201cza ovo nisam siguran\u201d. Ja i Jedinstvena Srbija smo sigurni da \u0107e ovaj ekspoze biti realizovan\u201d, izjavio je predsednik i \u0161ef poslani\u010dke grupe Jedinstvene Srbije Dragan Markovi\u0107 Palma. \u201cNajva\u017eniji je ekonomski napredak jedne dr\u017eave i nijedan pojedinac iz opozicije ne mo\u017ee da zaustavi napredak Srbije, koja je danas politi\u010dki stabilna, ekonomski sigurna, kurs evra miruje, a gas i struja su najjeftniji u Evropi i zato danas Srbija ima najve\u0107i broj investitora u ovom delu Evrope i najmanju stopu nezaposlenosti u istoriji. Ambasadori koji su na slu\u017ebi u Srbiji, nakon 4 godine mandata, 70 posto njih bi \u017eelelo da ostane da \u017eivi u Srbiji. \u0160to se ti\u010de izbornog procesa ja sam siguran da ljudi iz OEBS -a i ODIHR \u2013 a ka\u017eu \u201c ej ljudi i ja da \u017eivim u Beogradu i ja bi glasao za ove liste ljudi koji su na vlasti poslednje \u010detiri godine i u Beogradu i u drugim gradovima i op\u0161tinama gde \u0107e biti odr\u017eani izbori 2. juna\u201d, rekao je Markovi\u0107. \u201cImam poruku za mlade ljude i studente, a to je da ih ne zavode pojedini iz opozicije koji manipuli\u0161u, ve\u0107 kada imaju neki problem da se jave institucijama. Na ulici se ne\u0107e re\u0161iti nijjedan problem. \u0160to se ti\u010de poljoprivrede zamolio bi mandatara i budu\u0107eg premijera Milo\u0161a Vu\u010devi\u0107a i ministra finansija Sini\u0161u Malog da se izna\u0111e na\u010din da da pomogne gospodinu poljoprivrednom proizvo\u0111a\u010du povoljnim kreditima na du\u017ei gresj period, kako bi se \u0161tale popunile, koje su sada prazne. \u017delim da \u010destitam predsedniku Srbije Aleksandru Vu\u010di\u0107u i ministru spoljnih poslova Ivici Da\u010di\u0107u na velikoj borbi na me\u0111unarodnoj sceni za Srbiju i oni rade najte\u017ei deo dr\u017eavnog posla. Siguran sam da \u0107e predlo\u017eeni ekspoze biti realizovan i Jedinstvena Srbija \u0107e podr\u017eati budu\u0107eg premijera i ministre i glasati za novu Vladu Srbije\u201d, istakao je Dragan Markovi\u0107 Palma, dodav\u0161i da treba da se prekine sa popu\u0161tanjem opoziciji i nekim me\u0111unarodni faktorima sa \u010destim izbornim procesima koji \u201czaustavljaju Srbiju\u201d.<\/p>\n","protected":false},"excerpt":{"rendered":"<p>&nbsp; \u201cGospodine Vu\u010devi\u0107u \u010destitam Vam na podnesenom ekspozeu koji je bio takav da se svaki gra\u0111anin Srbije prepoznao. Vi niste rekli \u201covo \u0107emo videti\u201d, \u201cza &hellip; <\/p>\n","protected":false},"author":2,"featured_media":38268,"comment_status":"open","ping_status":"open","sticky":false,"template":"","format":"standard","meta":{"footnotes":""},"categories":[1524,2,1514,13,12],"tags":[120,4167],"_links":{"self":[{"href":"https:\/\/centralmedia.rs\/index.php\/wp-json\/wp\/v2\/posts\/38267"}],"collection":[{"href":"https:\/\/centralmedia.rs\/index.php\/wp-json\/wp\/v2\/posts"}],"about":[{"href":"https:\/\/centralmedia.rs\/index.php\/wp-json\/wp\/v2\/types\/post"}],"author":[{"embeddable":true,"href":"https:\/\/centralmedia.rs\/index.php\/wp-json\/wp\/v2\/users\/2"}],"replies":[{"embeddable":true,"href":"https:\/\/centralmedia.rs\/index.php\/wp-json\/wp\/v2\/comments?post=38267"}],"version-history":[{"count":1,"href":"https:\/\/centralmedia.rs\/index.php\/wp-json\/wp\/v2\/posts\/38267\/revisions"}],"predecessor-version":[{"id":38269,"href":"https:\/\/centralmedia.rs\/index.php\/wp-json\/wp\/v2\/posts\/38267\/revisions\/38269"}],"wp:featuredmedia":[{"embeddable":true,"href":"https:\/\/centralmedia.rs\/index.php\/wp-json\/wp\/v2\/media\/38268"}],"wp:attachment":[{"href":"https:\/\/centralmedia.rs\/index.php\/wp-json\/wp\/v2\/media?parent=38267"}],"wp:term":[{"taxonomy":"category","embeddable":true,"href":"https:\/\/centralmedia.rs\/index.php\/wp-json\/wp\/v2\/categories?post=38267"},{"taxonomy":"post_tag","embeddable":true,"href":"https:\/\/centralmedia.rs\/index.php\/wp-json\/wp\/v2\/tags?post=38267"}],"curies":[{"name":"wp","href":"https:\/\/api.w.org\/{rel}","templated":true}]}}