{"id":38302,"date":"2024-05-04T19:03:55","date_gmt":"2024-05-04T17:03:55","guid":{"rendered":"http:\/\/centralmedia.rs\/?p=38302"},"modified":"2024-05-05T19:04:06","modified_gmt":"2024-05-05T17:04:06","slug":"palma-o-selu-da-se-vodi-malo-vise-racuna-a-ne-samo-kada-treba-da-se-napune-kese-i-gepeci","status":"publish","type":"post","link":"https:\/\/centralmedia.rs\/index.php\/2024\/05\/04\/palma-o-selu-da-se-vodi-malo-vise-racuna-a-ne-samo-kada-treba-da-se-napune-kese-i-gepeci\/","title":{"rendered":"PALMA : O SELU DA SE VODI MALO VISE RA\u010cUNA, A NE SAMO KADA TREBA DA SE NAPUNE KESE I GEPECI"},"content":{"rendered":"<p>&nbsp;<\/p>\n<p>&#8220;Ovih prazni\u010dnih dana najposecenija su sela u Srbiji i oni koji \u017eive u gradu sete se sela samo kada treba da se napune kese i gepeci. Ajde da brinemo malo vi\u0161e o selu u Srbiji i da oni koji su ro\u0111eni na selu da ne evociraju uspomene samo dva puta godi\u0161nje&#8221;, izjavio je za TV Pink predsednik Jedinstvene Srbije Dragan Markovic Palma.\u00a0 &#8220;Na dana\u0161nji dan 1980. godine, kada je umro Josip Broz Tito, ja sam bio u vojsci, u Titovoj gardi u Puli, me\u0111utim danas \u017eivimo u nekom drugom vremenu. Danas se svaki dan pri\u010da o ratovima koji se de\u0161avaju u svetu. Ja od kada znam za sebe negde se ratovalo. Ajmo malo da se oslobodimo od tih ratnih doga\u0111anja i da nam ne budu te teme nametnute i da porodice ne budu optere\u0107ene sa tim pri\u010dama kao &#8220;evo samo \u0161to se nije zaratilo i kod nas&#8221;. Ja molim politi\u010dare da smanje tu ratnu retoriku. U redu da ka\u017eemo &#8221; desilo se to i to&#8221;, ali da mi ceo dan gledamo i slu\u0161amo o ratu i da nam to bude preokupacija, to nam ne treba jer mi znamo \u0161ta je rat. Ajmo malo da se bavimo lepim temama&#8221;, ocenio je Markovi\u0107.<\/p>\n","protected":false},"excerpt":{"rendered":"<p>&nbsp; &#8220;Ovih prazni\u010dnih dana najposecenija su sela u Srbiji i oni koji \u017eive u gradu sete se sela samo kada treba da se napune kese &hellip; <\/p>\n","protected":false},"author":2,"featured_media":38303,"comment_status":"open","ping_status":"open","sticky":false,"template":"","format":"standard","meta":{"footnotes":""},"categories":[1524,2,1514,13,12],"tags":[120,4032],"_links":{"self":[{"href":"https:\/\/centralmedia.rs\/index.php\/wp-json\/wp\/v2\/posts\/38302"}],"collection":[{"href":"https:\/\/centralmedia.rs\/index.php\/wp-json\/wp\/v2\/posts"}],"about":[{"href":"https:\/\/centralmedia.rs\/index.php\/wp-json\/wp\/v2\/types\/post"}],"author":[{"embeddable":true,"href":"https:\/\/centralmedia.rs\/index.php\/wp-json\/wp\/v2\/users\/2"}],"replies":[{"embeddable":true,"href":"https:\/\/centralmedia.rs\/index.php\/wp-json\/wp\/v2\/comments?post=38302"}],"version-history":[{"count":1,"href":"https:\/\/centralmedia.rs\/index.php\/wp-json\/wp\/v2\/posts\/38302\/revisions"}],"predecessor-version":[{"id":38304,"href":"https:\/\/centralmedia.rs\/index.php\/wp-json\/wp\/v2\/posts\/38302\/revisions\/38304"}],"wp:featuredmedia":[{"embeddable":true,"href":"https:\/\/centralmedia.rs\/index.php\/wp-json\/wp\/v2\/media\/38303"}],"wp:attachment":[{"href":"https:\/\/centralmedia.rs\/index.php\/wp-json\/wp\/v2\/media?parent=38302"}],"wp:term":[{"taxonomy":"category","embeddable":true,"href":"https:\/\/centralmedia.rs\/index.php\/wp-json\/wp\/v2\/categories?post=38302"},{"taxonomy":"post_tag","embeddable":true,"href":"https:\/\/centralmedia.rs\/index.php\/wp-json\/wp\/v2\/tags?post=38302"}],"curies":[{"name":"wp","href":"https:\/\/api.w.org\/{rel}","templated":true}]}}