{"id":38322,"date":"2024-05-04T00:08:08","date_gmt":"2024-05-03T22:08:08","guid":{"rendered":"http:\/\/centralmedia.rs\/?p=38322"},"modified":"2024-05-09T00:09:48","modified_gmt":"2024-05-08T22:09:48","slug":"izborna-kampanja-u-jagodini","status":"publish","type":"post","link":"https:\/\/centralmedia.rs\/index.php\/2024\/05\/04\/izborna-kampanja-u-jagodini\/","title":{"rendered":"IZBORNA KAMPANJA U JAGODINI"},"content":{"rendered":"<p>&nbsp;<\/p>\n<p>PALMA KRENUO U KAMPANjU ZA LOKALNE IZBORE U JAGODINI RAZGOVOROM SA ME\u0160TANIMA BELICE , \u0160ANTAROVCA I BUNARA<\/p>\n<p>MI NISMO LIDERI, MI SMO SERVIS SVIH GRA\u0110ANA JAGODINE I SRBIJE<\/p>\n<p>Lista Dragan Markovi\u0107 Palma &#8211; Jedinstvena Srbija &#8211; Ivica Da\u010di\u0107 &#8211; Socijalisti\u010dka partija Srbije &#8220;Za doma\u0107insku Jagodinu&#8221; koja \u0107e se na lokalnim izborima u Jagodini 02. juna na\u0107i pod rednim brojem 1, zapo\u010dela je svoju predizbornu kampanju obilaskom sela Belica, \u0160antarovac i Bunar.<\/p>\n<p>Kao i u proteklih 20 godina, u neposrednom razgovoru i dru\u017eenju sa me\u0161tanima predsednik Jedinstvene Srbije, narodni poslanik i predsednik Skup\u0161tine grada Jagodina Dragan Markovi\u0107 Palma je podsetio me\u0161tane ovih sela \u0161ta je sve ova koalicija uradila za njih od kako je na \u010delu Jagodine.<\/p>\n<p>&#8220;U kampanji pred izbore 17. decembra pro\u0161le godine obilazili su vas mnogi samozvani lideri a ja vas pitam da li vas je iko od njih obi\u0161ao od tada do danas sem na\u0161e koalicije. Naravno da nije. Mi smo va\u0161 servis, servis svih gra\u0111ana Jagodine i Srbije. Ovo su lokalni izbori i u prethodnih 20 godina uvek kada ste imali problem dolazili ste kod nas&#8221; rekao je Markovi\u0107.<\/p>\n<p>&#8220;Mi smo prvi predali listu pod rednim brojem 1. A znate da se u sportu pod rednim brojem 1 nalaze najbolji. Mi imamo najbolji tim za Jagodinu koji broji vi\u0161e od 100 ljudi. Svi su uspe\u0161ni u svom poslu i svi imaju u proseku 25 godina radnog sta\u017ea&#8221; rekao je predsednik Jedinstvene Srbije.<\/p>\n<p>U selu Belica razvilo se i narodno kolo koje je poveo 91- godi\u0161nji Milosav Mi\u0161a Milenkovi\u0107 i Dragan Markovi\u0107 Palma. Kolo su ukrasile sve generacije od najmla\u0111ih do najstarijih.<\/p>\n<p>U selu Bunaru se zavr\u0161ila dana\u0161nja kampanja, koja po svojoj neposrednosti, direktnom kontaktu i dru\u017eenju sa gra\u0111anima jeste za\u0161titni znak Dragana Markovi\u0107a Palme.<\/p>\n<p><img loading=\"lazy\" decoding=\"async\" class=\"alignnone wp-image-38324 size-large\" src=\"http:\/\/centralmedia.rs\/wp-content\/uploads\/2024\/05\/bunt1-1024x478.jpg\" alt=\"\" width=\"640\" height=\"299\" srcset=\"https:\/\/centralmedia.rs\/wp-content\/uploads\/2024\/05\/bunt1-1024x478.jpg 1024w, https:\/\/centralmedia.rs\/wp-content\/uploads\/2024\/05\/bunt1-300x140.jpg 300w, https:\/\/centralmedia.rs\/wp-content\/uploads\/2024\/05\/bunt1-768x359.jpg 768w, https:\/\/centralmedia.rs\/wp-content\/uploads\/2024\/05\/bunt1-899x420.jpg 899w, https:\/\/centralmedia.rs\/wp-content\/uploads\/2024\/05\/bunt1-640x299.jpg 640w, https:\/\/centralmedia.rs\/wp-content\/uploads\/2024\/05\/bunt1-681x318.jpg 681w, https:\/\/centralmedia.rs\/wp-content\/uploads\/2024\/05\/bunt1.jpg 1280w\" sizes=\"(max-width: 640px) 100vw, 640px\" \/><\/p>\n<p>SRPSKOM SELjAKU TREBA POMO\u0106 I PRU\u017dENA RUKA, A NE PRAZNE PRI\u010cE KAKO \u0106E VAJDE IMATI OD EKSPa<\/p>\n<p>Koalicija: Du\u0161an Markovi\u0107 &#8211; Mi se pitamo! Dela, a ne re\u010di! (BUNT-Prava Srbija \u2013 BUNT-Nasto\u044f\u0449a\u044f Serbi\u044f, SRPSKI POKRET DVERI, RATNI VETERANI ZA SRBIJU &#8211; VOJNOVI VETERANI PRE SRBSKO, NARODNA STRANKA, NOVO LICE SRBIJE, SRPSKA MONARHISTI\u010cKA STRANKA \u201eSRPSKA SLOGA\u201c \u2013 ZA KRALjA I OTAD\u017eBINU, SRPSKO RUSKI POKRET, NEFORMALNA GRUPA GRA\u0110ANA \u201eRADNICI FABRIKE KABLOVA\u201c, NEFORMALNA GRUPA GRA\u0110ANA \u201ePOLjOPRIVREDNICI JAGODINE\u201c, NG ZELENI JAGODINE, RAVNOGORSKI POKRET OO JAGODINA, VETERANI REPUBLIKE SRBIJE, NAPREDNA JAGODINA) \u00a0bila je na gradskoj tr\u017enici gde je razgovarala sa gra\u0111anima Jagodine i predstavila svoj plan i program za na\u0161 grad. Jagodinci su veoma prijatno reagovali, a razgovor sa gra\u0111anima vodio je kandidat za gradona\u010delnika i nosilac izborne liste Du\u0161an Markovi\u0107, predsednik gradskog odbora Dveri Stefan Vuk Milanovi\u0107, predsednica gradskog odbora Novog lica Srbije Marija Milojevi\u0107, predsednik gradskog odbora Narodne stranke Nenad Stevanovi\u0107 kao i drugi kandidati za odbornike. Na \u0161tandu je odr\u017eana i konferencija za medije.<\/p>\n<p>\u201eDanas smo na gradskoj pijaci sa na\u0161im sugra\u0111anima. Ovde smo da vidimo \u0161ta mo\u017eemo da uradimo za njih, ali tako\u0111e i da im prezentujemo \u0161ta smo sve uradili. Mi smo prva politi\u010dka organizacija koja je svoje prostorije otvorila na pijaci i tu smo re\u0161avali probleme na\u0161ih poljoprivrednika, upisivali njihova gazdinstva, pru\u017eali pravne savete, a nekima pomagali u gorivu i setvenom materijalu. Tako smo donirali tonu ipo goriva i preko tri tone setvenog materijala. Odavde \u0161aljemo poruku gra\u0111anima da ne veruju onim politikantima koji se kriju iza svojih lidera u Beogradu i koji vam pri\u010daju bajke o Ekspu i o raznim nekim drugim stvarima koje se uop\u0161te ne ti\u010du Jagodine i Jagodinaca. Gra\u0111ani trebaju da veruju onima koji su svakodnevno sa njima i koji iza sebe imaju isklju\u010divo dela. Zato na predstoje\u0107im izborima birajte ljude koji se nalaze na listi: \u201eMi se pitamo! Dela, a ne re\u010di!\u201c, a koja se nalazi pod rednim brojem 2.\u201c Rekao je Du\u0161an Markovi\u0107, kandidat za gradona\u010delnika Jagodine i nosilac ove izborne liste.<\/p>\n<p>\u201eSrpski pokret Dveri u ovu kampanju u\u0161ao je sa jasnim ciljem, a to je \u017eelja i potreba da se u vlasti lokalne samouprave uklju\u010de mladi ljudi koji do sada nisu bili u vlasti. Ovom gradu potrebna je nova energija. Na\u0161a koalicija je druga sakupila potpise za kadidaturu i to je pokazatelj da smo mi kao politi\u010dka grupacija u gradu uspostavili taj na\u0161 politi\u010dki kurs koji gra\u0111ani cene i prepoznaju.\u201c Rekao je Stefan Vuk Milanovi\u0107, kandidat za predsednika Skup\u0161tine grada.<\/p>\n<p>\u201eNa\u0161a stranka je mlada i okuplja mlade ljude, pa zato smatramo da mladi trebaju da preduzmu odgovornost kako za vo\u0111enje dr\u017eave tako i za vo\u0111enje grada.\u201c Poru\u010dila je predsednica gradskog odbora Novog lica Srbije i kandidatkinja za odbornicu, Marija Milojevi\u0107.<\/p>\n<p>\u201eNarodna stranka nakon svih udara na nju uspela je da konsoliduje svoje redove i da osve\u017ei svoj odbor u Jagodini. Mi smo na gradskom odboru odlu\u010dili da \u0107emo u Jagodini biti deo najja\u010deg opozicionog bloka, a to je koalicija \u201eDu\u0161an Markovi\u0107 &#8211; Mi se pitamo! Dela, a ne re\u010di!\u201c koju predvodi urpravo Du\u0161an Markovi\u0107.\u201c Rekao je predsednik gradskog odbora Narodne stranke Nenad Stevanovi\u0107, kandidat za odbornika.<\/p>\n<p>&nbsp;<\/p>\n","protected":false},"excerpt":{"rendered":"<p>&nbsp; PALMA KRENUO U KAMPANjU ZA LOKALNE IZBORE U JAGODINI RAZGOVOROM SA ME\u0160TANIMA BELICE , \u0160ANTAROVCA I BUNARA MI NISMO LIDERI, MI SMO SERVIS SVIH &hellip; <\/p>\n","protected":false},"author":2,"featured_media":38323,"comment_status":"open","ping_status":"open","sticky":false,"template":"","format":"standard","meta":{"footnotes":""},"categories":[1524,2,1514,13,12],"tags":[643,58],"_links":{"self":[{"href":"https:\/\/centralmedia.rs\/index.php\/wp-json\/wp\/v2\/posts\/38322"}],"collection":[{"href":"https:\/\/centralmedia.rs\/index.php\/wp-json\/wp\/v2\/posts"}],"about":[{"href":"https:\/\/centralmedia.rs\/index.php\/wp-json\/wp\/v2\/types\/post"}],"author":[{"embeddable":true,"href":"https:\/\/centralmedia.rs\/index.php\/wp-json\/wp\/v2\/users\/2"}],"replies":[{"embeddable":true,"href":"https:\/\/centralmedia.rs\/index.php\/wp-json\/wp\/v2\/comments?post=38322"}],"version-history":[{"count":1,"href":"https:\/\/centralmedia.rs\/index.php\/wp-json\/wp\/v2\/posts\/38322\/revisions"}],"predecessor-version":[{"id":38325,"href":"https:\/\/centralmedia.rs\/index.php\/wp-json\/wp\/v2\/posts\/38322\/revisions\/38325"}],"wp:featuredmedia":[{"embeddable":true,"href":"https:\/\/centralmedia.rs\/index.php\/wp-json\/wp\/v2\/media\/38323"}],"wp:attachment":[{"href":"https:\/\/centralmedia.rs\/index.php\/wp-json\/wp\/v2\/media?parent=38322"}],"wp:term":[{"taxonomy":"category","embeddable":true,"href":"https:\/\/centralmedia.rs\/index.php\/wp-json\/wp\/v2\/categories?post=38322"},{"taxonomy":"post_tag","embeddable":true,"href":"https:\/\/centralmedia.rs\/index.php\/wp-json\/wp\/v2\/tags?post=38322"}],"curies":[{"name":"wp","href":"https:\/\/api.w.org\/{rel}","templated":true}]}}