{"id":38326,"date":"2024-05-09T00:50:30","date_gmt":"2024-05-08T22:50:30","guid":{"rendered":"http:\/\/centralmedia.rs\/?p=38326"},"modified":"2024-05-13T00:25:50","modified_gmt":"2024-05-12T22:25:50","slug":"lokalni-izbori-jagodina","status":"publish","type":"post","link":"https:\/\/centralmedia.rs\/index.php\/2024\/05\/09\/lokalni-izbori-jagodina\/","title":{"rendered":"LOKALNI IZBORI JAGODINA"},"content":{"rendered":"<p>&nbsp;<\/p>\n<p>U selima Drago\u0161evac, Kolare, Glavinci i Bresje me\u0161tani su jednoglasno rekli da \u0107e glasati za listu Dragan Markovi\u0107 Palma &#8211; Jedinstvena Srbija &#8211; Ivica Da\u010di\u0107 &#8211; Socijalisti\u010dka partija Srbije &#8211; ZA DOMA\u0106INSKU JAGODINU koja \u0107e se na glasa\u010dkom listi\u0107u na\u0107i pod rednim brojem 1.<\/p>\n<p>-Na\u0161a lista ima 100 uspe\u0161nih lekara i ostalih zdravstevnih radnika, profesora, privrednika, poljoprivrednika. U svim selima je prezentovan izve\u0161taj o radu o tom selu. Nismo do\u0161li da vam obe\u0107amo da bi glasali za nas,a mi \u0107emo ne\u0161to da uradimo. Uvek ima ne\u0161to da se uradi i ono \u0161to se obe\u0107a, to uradimo, rekao je prvi na listi Dragan Markovi\u0107 Palma i dodao da u Jagodini radi 14 stranih investitora, dok \u0107e novi investitori imati zahtev da minimalna zarada bude 90 hiljada dinara.<\/p>\n<p>-Mogu da ka\u017eem da su Glavnci najve\u0107i procvat u istoriji zabele\u017eili kada je na \u010delo Jagodine do\u0161ao Dragan Markovi\u0107 Palma, istakao je Zoran Gligorijevi\u0107 i nabrojao \u0161ta je sve ura\u0111eno. I u ostalim selima me\u0161tani su se hvalili dosada\u0161nji rad.<\/p>\n<p><img loading=\"lazy\" decoding=\"async\" class=\"alignnone wp-image-38328 size-large\" src=\"http:\/\/centralmedia.rs\/wp-content\/uploads\/2024\/05\/bunt-1024x577.jpg\" alt=\"\" width=\"640\" height=\"361\" srcset=\"https:\/\/centralmedia.rs\/wp-content\/uploads\/2024\/05\/bunt-1024x577.jpg 1024w, https:\/\/centralmedia.rs\/wp-content\/uploads\/2024\/05\/bunt-300x169.jpg 300w, https:\/\/centralmedia.rs\/wp-content\/uploads\/2024\/05\/bunt-768x433.jpg 768w, https:\/\/centralmedia.rs\/wp-content\/uploads\/2024\/05\/bunt-746x420.jpg 746w, https:\/\/centralmedia.rs\/wp-content\/uploads\/2024\/05\/bunt-640x361.jpg 640w, https:\/\/centralmedia.rs\/wp-content\/uploads\/2024\/05\/bunt-681x384.jpg 681w, https:\/\/centralmedia.rs\/wp-content\/uploads\/2024\/05\/bunt.jpg 1280w\" sizes=\"(max-width: 640px) 100vw, 640px\" \/><\/p>\n<p>U centru Jagodine otvorene su prostorije izbornog \u0161taba koalicije &#8220;Du\u0161an Markovi\u0107 &#8211; Mi se pitamo! Dela, a ne re\u010di!&#8221; na kojima je prisustvovalo nekoliko stotina simpatizera i \u010dlanova te koalicije. Prostorije je otvorio nosilac izborne liste i prvi na izbornoj listi Du\u0161an Markovi\u0107.<\/p>\n<p>Pored Markovi\u0107a na otvaranju prostorija prisustvovali su i predstavnici koalicije, Nenad Stevanovi\u0107 predsednik gradskog odbora Narodne stranke i kandidat za odbornika, predsednik gradskog odbora Dveri i kandidat za odbornika Stefan Vuk Milanovi\u0107, predsednica gradskog odbora Novog lica Srbije Marija Milojevi\u0107.<\/p>\n<p><img loading=\"lazy\" decoding=\"async\" class=\"alignnone wp-image-38329 size-large\" src=\"http:\/\/centralmedia.rs\/wp-content\/uploads\/2024\/05\/sns.jpg-1024x582.png\" alt=\"\" width=\"640\" height=\"364\" srcset=\"https:\/\/centralmedia.rs\/wp-content\/uploads\/2024\/05\/sns.jpg-1024x582.png 1024w, https:\/\/centralmedia.rs\/wp-content\/uploads\/2024\/05\/sns.jpg-300x170.png 300w, https:\/\/centralmedia.rs\/wp-content\/uploads\/2024\/05\/sns.jpg-768x436.png 768w, https:\/\/centralmedia.rs\/wp-content\/uploads\/2024\/05\/sns.jpg-740x420.png 740w, https:\/\/centralmedia.rs\/wp-content\/uploads\/2024\/05\/sns.jpg-640x363.png 640w, https:\/\/centralmedia.rs\/wp-content\/uploads\/2024\/05\/sns.jpg-681x387.png 681w, https:\/\/centralmedia.rs\/wp-content\/uploads\/2024\/05\/sns.jpg-1021x580.png 1021w, https:\/\/centralmedia.rs\/wp-content\/uploads\/2024\/05\/sns.jpg.png 1479w\" sizes=\"(max-width: 640px) 100vw, 640px\" \/><\/p>\n<p>Lista ALEKSANDAR VU\u010cI\u0106 &#8211; JAGODINA SUTRA broj 3 najavljuje nove puteve, nova parking mesta, novi i bolji \u017eivot.<\/p>\n<p><img loading=\"lazy\" decoding=\"async\" class=\"alignnone size-medium wp-image-38330\" src=\"http:\/\/centralmedia.rs\/wp-content\/uploads\/2024\/05\/MITA-1-300x188.png\" alt=\"\" width=\"300\" height=\"188\" srcset=\"https:\/\/centralmedia.rs\/wp-content\/uploads\/2024\/05\/MITA-1-300x188.png 300w, https:\/\/centralmedia.rs\/wp-content\/uploads\/2024\/05\/MITA-1-768x481.png 768w, https:\/\/centralmedia.rs\/wp-content\/uploads\/2024\/05\/MITA-1-1024x642.png 1024w, https:\/\/centralmedia.rs\/wp-content\/uploads\/2024\/05\/MITA-1-670x420.png 670w, https:\/\/centralmedia.rs\/wp-content\/uploads\/2024\/05\/MITA-1-640x401.png 640w, https:\/\/centralmedia.rs\/wp-content\/uploads\/2024\/05\/MITA-1-681x427.png 681w, https:\/\/centralmedia.rs\/wp-content\/uploads\/2024\/05\/MITA-1.png 1264w\" sizes=\"(max-width: 300px) 100vw, 300px\" \/> <img loading=\"lazy\" decoding=\"async\" class=\"alignnone size-medium wp-image-38331\" src=\"http:\/\/centralmedia.rs\/wp-content\/uploads\/2024\/05\/MITA-2-300x179.png\" alt=\"\" width=\"300\" height=\"179\" srcset=\"https:\/\/centralmedia.rs\/wp-content\/uploads\/2024\/05\/MITA-2-300x179.png 300w, https:\/\/centralmedia.rs\/wp-content\/uploads\/2024\/05\/MITA-2-768x458.png 768w, https:\/\/centralmedia.rs\/wp-content\/uploads\/2024\/05\/MITA-2-1024x611.png 1024w, https:\/\/centralmedia.rs\/wp-content\/uploads\/2024\/05\/MITA-2-704x420.png 704w, https:\/\/centralmedia.rs\/wp-content\/uploads\/2024\/05\/MITA-2-640x382.png 640w, https:\/\/centralmedia.rs\/wp-content\/uploads\/2024\/05\/MITA-2-681x406.png 681w, https:\/\/centralmedia.rs\/wp-content\/uploads\/2024\/05\/MITA-2.png 1127w\" sizes=\"(max-width: 300px) 100vw, 300px\" \/><\/p>\n<p>Gradska izborna komisija potvrdila je da \u0107e na glasa\u010dkom listi\u0107u pod rednim brojem 4 biti lista GG Vreme je za promene<\/p>\n","protected":false},"excerpt":{"rendered":"<p>&nbsp; U selima Drago\u0161evac, Kolare, Glavinci i Bresje me\u0161tani su jednoglasno rekli da \u0107e glasati za listu Dragan Markovi\u0107 Palma &#8211; Jedinstvena Srbija &#8211; Ivica &hellip; <\/p>\n","protected":false},"author":2,"featured_media":38327,"comment_status":"open","ping_status":"open","sticky":false,"template":"","format":"standard","meta":{"footnotes":""},"categories":[1524,2,1514,13,12],"tags":[58,591],"_links":{"self":[{"href":"https:\/\/centralmedia.rs\/index.php\/wp-json\/wp\/v2\/posts\/38326"}],"collection":[{"href":"https:\/\/centralmedia.rs\/index.php\/wp-json\/wp\/v2\/posts"}],"about":[{"href":"https:\/\/centralmedia.rs\/index.php\/wp-json\/wp\/v2\/types\/post"}],"author":[{"embeddable":true,"href":"https:\/\/centralmedia.rs\/index.php\/wp-json\/wp\/v2\/users\/2"}],"replies":[{"embeddable":true,"href":"https:\/\/centralmedia.rs\/index.php\/wp-json\/wp\/v2\/comments?post=38326"}],"version-history":[{"count":1,"href":"https:\/\/centralmedia.rs\/index.php\/wp-json\/wp\/v2\/posts\/38326\/revisions"}],"predecessor-version":[{"id":38332,"href":"https:\/\/centralmedia.rs\/index.php\/wp-json\/wp\/v2\/posts\/38326\/revisions\/38332"}],"wp:featuredmedia":[{"embeddable":true,"href":"https:\/\/centralmedia.rs\/index.php\/wp-json\/wp\/v2\/media\/38327"}],"wp:attachment":[{"href":"https:\/\/centralmedia.rs\/index.php\/wp-json\/wp\/v2\/media?parent=38326"}],"wp:term":[{"taxonomy":"category","embeddable":true,"href":"https:\/\/centralmedia.rs\/index.php\/wp-json\/wp\/v2\/categories?post=38326"},{"taxonomy":"post_tag","embeddable":true,"href":"https:\/\/centralmedia.rs\/index.php\/wp-json\/wp\/v2\/tags?post=38326"}],"curies":[{"name":"wp","href":"https:\/\/api.w.org\/{rel}","templated":true}]}}