{"id":38333,"date":"2024-05-09T14:55:27","date_gmt":"2024-05-09T12:55:27","guid":{"rendered":"http:\/\/centralmedia.rs\/?p=38333"},"modified":"2024-05-10T22:18:46","modified_gmt":"2024-05-10T20:18:46","slug":"incident-u-os-goran-ostojic-deca-su-bila-bezbedna","status":"publish","type":"post","link":"https:\/\/centralmedia.rs\/index.php\/2024\/05\/09\/incident-u-os-goran-ostojic-deca-su-bila-bezbedna\/","title":{"rendered":"INCIDENT U O\u0160 GORAN OSTOJI\u0106 \u2013 DECA SU BILA BEZBEDNA"},"content":{"rendered":"<p>&nbsp;<\/p>\n<p>Zbog dezinformacija vezanih za O\u0160 Goran Ostoji\u0107 i bezbednost u\u010denika koje su se danas oko podneva pojavile na dru\u0161tvenim mre\u017eama, roditelji dece ali i cela Jagodina je bili su u panici i do\u017eiveli su veliki stres. Neznavni\u010dno, iz policije je potvr\u0111eno da se u Kupre\u0161koj ulici dogodilo, zbog tu\u010de dvojice mu\u0161karaca,\u00a0 reme\u0107enje javnog reda i mira, ali i da je policija hitnom intervencijom poku\u0161ala da spre\u010di dalju eskalaciju. Kada su primetili policiju, oni su se uputili ka dvori\u0161tu \u0161kole, gde su savladani. Scena hap\u0161enja je upla\u0161ila decu, ali i nastavnike,\u00a0 panika i trenutni strah su pro\u0161ireni preko dru\u0161tvenih mre\u017ea. Nezvani\u010dno saznajemo da je upu\u0107en poziv roditeljima da do\u0111u po decu u \u0161kolu, a mnogi roditelji su najavili da decu ne\u0107e slati u \u0161kolu do daljeg.\u00a0 Za sada nema zvani\u010dnih informacija iz \u0161kole ili nadle\u017enih slu\u017ebi o incidentu.<\/p>\n<p>Foto: FB OS Goran Ostojic<\/p>\n","protected":false},"excerpt":{"rendered":"<p>&nbsp; Zbog dezinformacija vezanih za O\u0160 Goran Ostoji\u0107 i bezbednost u\u010denika koje su se danas oko podneva pojavile na dru\u0161tvenim mre\u017eama, roditelji dece ali i &hellip; <\/p>\n","protected":false},"author":2,"featured_media":38334,"comment_status":"open","ping_status":"open","sticky":false,"template":"","format":"standard","meta":{"footnotes":""},"categories":[1524,20,2,1514,12],"tags":[4966,58,6515],"_links":{"self":[{"href":"https:\/\/centralmedia.rs\/index.php\/wp-json\/wp\/v2\/posts\/38333"}],"collection":[{"href":"https:\/\/centralmedia.rs\/index.php\/wp-json\/wp\/v2\/posts"}],"about":[{"href":"https:\/\/centralmedia.rs\/index.php\/wp-json\/wp\/v2\/types\/post"}],"author":[{"embeddable":true,"href":"https:\/\/centralmedia.rs\/index.php\/wp-json\/wp\/v2\/users\/2"}],"replies":[{"embeddable":true,"href":"https:\/\/centralmedia.rs\/index.php\/wp-json\/wp\/v2\/comments?post=38333"}],"version-history":[{"count":1,"href":"https:\/\/centralmedia.rs\/index.php\/wp-json\/wp\/v2\/posts\/38333\/revisions"}],"predecessor-version":[{"id":38335,"href":"https:\/\/centralmedia.rs\/index.php\/wp-json\/wp\/v2\/posts\/38333\/revisions\/38335"}],"wp:featuredmedia":[{"embeddable":true,"href":"https:\/\/centralmedia.rs\/index.php\/wp-json\/wp\/v2\/media\/38334"}],"wp:attachment":[{"href":"https:\/\/centralmedia.rs\/index.php\/wp-json\/wp\/v2\/media?parent=38333"}],"wp:term":[{"taxonomy":"category","embeddable":true,"href":"https:\/\/centralmedia.rs\/index.php\/wp-json\/wp\/v2\/categories?post=38333"},{"taxonomy":"post_tag","embeddable":true,"href":"https:\/\/centralmedia.rs\/index.php\/wp-json\/wp\/v2\/tags?post=38333"}],"curies":[{"name":"wp","href":"https:\/\/api.w.org\/{rel}","templated":true}]}}