{"id":38336,"date":"2024-05-09T15:27:02","date_gmt":"2024-05-09T13:27:02","guid":{"rendered":"http:\/\/centralmedia.rs\/?p=38336"},"modified":"2024-05-14T22:49:05","modified_gmt":"2024-05-14T20:49:05","slug":"praksa-za-16-pripravnika-u-opstini-svilajnac","status":"publish","type":"post","link":"https:\/\/centralmedia.rs\/index.php\/2024\/05\/09\/praksa-za-16-pripravnika-u-opstini-svilajnac\/","title":{"rendered":"PRAKSA ZA 16. PRIPRAVNIKA U OP\u0160TINI SVILAJNAC"},"content":{"rendered":"<p>&nbsp;<\/p>\n<p>Predsednik Op\u0161tine Svilajnac Predrag Milanovi\u0107 U Prirodnja\u010dkom centru u Svilajncu podeljeni ugovori za 16 mladih pripravnika koji \u0107e svoje prvo zaposlenje dobiti u nekoj od op\u0161tinskih javnih ustanova.<\/p>\n<p>-Stru\u010dna praksa je najbitnija posle zavr\u0161enog \u0161kolovanja, jer se daje \u0161ansu mladim ljudima da po\u010dnu svoj radni vek i to je jedan od najbitnijih programa Op\u0161tine Svilajnac. Mislim da op\u0161tina ne bi mogla da se razvije do ove mere da nismo imali mlade ljude koji su se vratili u svoj grad i krenuli na praksu. Prakti\u010dno svi ljudi koji rukovode op\u0161tinom su nekad bili na stru\u010dnoj praksi, ve\u0107ina njih su dobili radno mesto. Ne mogu svi da ostanu u Sviljancu, ali nam je bitno da u godinu dana oni steku pratkti\u010dne ve\u0161tine potrebne za rad, rekao je Milanovi\u0107<\/p>\n<p>Zahvaljuju\u0107i dugogodi\u0161njoj saradnji sa Nacionalnom slu\u017ebom za zapo\u0161ljavanje, Op\u0161tina Svilajnac je i ove godine obezbedila sredstva za realizaciju mera aktivne politike zapo\u0161ljavanja.U proteklih 14 godina vi\u0161e od 200 mladih ljudi pro\u0161lo je kroz program stru\u010dne prakse, a vise od polovine njih ostali su i nakon toga na svojim radnim mestima i danas su nosioci razvoja op\u0161tine Svilajnac. Mnogi od njih sada rade na odgovornim i va\u017enim radnim mestima, a po\u010deli su preko ovog programa.Program stru\u010dne prakse namenjen je nezaposlenim licima sa najmanje \u010detvorogodi\u0161njim visokim obrazovanjem. Traje 12 meseci, a njegovu realizaciju finansira op\u0161tina Svilajnac, uz podr\u0161ku Nacionalne slu\u017ebe za zapo\u0161ljavanje.<\/p>\n<p><img loading=\"lazy\" decoding=\"async\" class=\"alignnone wp-image-38338 size-full\" src=\"http:\/\/centralmedia.rs\/wp-content\/uploads\/2024\/05\/mladi1.jpg\" alt=\"\" width=\"875\" height=\"964\" srcset=\"https:\/\/centralmedia.rs\/wp-content\/uploads\/2024\/05\/mladi1.jpg 875w, https:\/\/centralmedia.rs\/wp-content\/uploads\/2024\/05\/mladi1-272x300.jpg 272w, https:\/\/centralmedia.rs\/wp-content\/uploads\/2024\/05\/mladi1-768x846.jpg 768w, https:\/\/centralmedia.rs\/wp-content\/uploads\/2024\/05\/mladi1-381x420.jpg 381w, https:\/\/centralmedia.rs\/wp-content\/uploads\/2024\/05\/mladi1-640x705.jpg 640w, https:\/\/centralmedia.rs\/wp-content\/uploads\/2024\/05\/mladi1-681x750.jpg 681w\" sizes=\"(max-width: 875px) 100vw, 875px\" \/><\/p>\n","protected":false},"excerpt":{"rendered":"<p>&nbsp; Predsednik Op\u0161tine Svilajnac Predrag Milanovi\u0107 U Prirodnja\u010dkom centru u Svilajncu podeljeni ugovori za 16 mladih pripravnika koji \u0107e svoje prvo zaposlenje dobiti u nekoj &hellip; <\/p>\n","protected":false},"author":2,"featured_media":38337,"comment_status":"open","ping_status":"open","sticky":false,"template":"","format":"standard","meta":{"footnotes":""},"categories":[14,1524,2,887,12,1517,5785],"tags":[1131,4675,38],"_links":{"self":[{"href":"https:\/\/centralmedia.rs\/index.php\/wp-json\/wp\/v2\/posts\/38336"}],"collection":[{"href":"https:\/\/centralmedia.rs\/index.php\/wp-json\/wp\/v2\/posts"}],"about":[{"href":"https:\/\/centralmedia.rs\/index.php\/wp-json\/wp\/v2\/types\/post"}],"author":[{"embeddable":true,"href":"https:\/\/centralmedia.rs\/index.php\/wp-json\/wp\/v2\/users\/2"}],"replies":[{"embeddable":true,"href":"https:\/\/centralmedia.rs\/index.php\/wp-json\/wp\/v2\/comments?post=38336"}],"version-history":[{"count":1,"href":"https:\/\/centralmedia.rs\/index.php\/wp-json\/wp\/v2\/posts\/38336\/revisions"}],"predecessor-version":[{"id":38339,"href":"https:\/\/centralmedia.rs\/index.php\/wp-json\/wp\/v2\/posts\/38336\/revisions\/38339"}],"wp:featuredmedia":[{"embeddable":true,"href":"https:\/\/centralmedia.rs\/index.php\/wp-json\/wp\/v2\/media\/38337"}],"wp:attachment":[{"href":"https:\/\/centralmedia.rs\/index.php\/wp-json\/wp\/v2\/media?parent=38336"}],"wp:term":[{"taxonomy":"category","embeddable":true,"href":"https:\/\/centralmedia.rs\/index.php\/wp-json\/wp\/v2\/categories?post=38336"},{"taxonomy":"post_tag","embeddable":true,"href":"https:\/\/centralmedia.rs\/index.php\/wp-json\/wp\/v2\/tags?post=38336"}],"curies":[{"name":"wp","href":"https:\/\/api.w.org\/{rel}","templated":true}]}}