{"id":38340,"date":"2024-05-09T16:05:45","date_gmt":"2024-05-09T14:05:45","guid":{"rendered":"http:\/\/centralmedia.rs\/?p=38340"},"modified":"2024-05-14T22:59:11","modified_gmt":"2024-05-14T20:59:11","slug":"sesti-vaskrsnji-koncert-hora-orkestra-i-folklornog-ansambla-fakulteta-pedagoskih-nauka","status":"publish","type":"post","link":"https:\/\/centralmedia.rs\/index.php\/2024\/05\/09\/sesti-vaskrsnji-koncert-hora-orkestra-i-folklornog-ansambla-fakulteta-pedagoskih-nauka\/","title":{"rendered":"\u0160ESTI VASKR\u0160NjI KONCERT HORA, ORKESTRA I FOLKLORNOG ANSAMBLA FAKULTETA PEDAGO\u0160KIH NAUKA"},"content":{"rendered":"<p>&nbsp;<\/p>\n<p>\u0160esti vaskr\u0161nji koncert hora, orkestra i folklornog ansambla Fakulteta pedago\u0161kih nauka u Jagodini odr\u017ean je sino\u0107. Publika je imala priliku da \u010duje raznovrstan program koji su \u010dinile duhovne kompozicije, starogradske pesme kao i pesme i igre narodnog melosa, kao \u0161to su: Jesenje li\u0161\u0107e, Oj javore, javore, Medeno kolo, Igre iz leskova\u010dkog kraja i brojne druge. Horom i orkestrom rukovode na\u0161e profesorke Milica Stankovi\u0107 i Jelena Grki\u0107 Gini\u0107.<\/p>\n<div id='gallery-1' class='gallery galleryid-38340 gallery-columns-5 gallery-size-thumbnail'><figure class='gallery-item'>\n\t\t\t<div class='gallery-icon landscape'>\n\t\t\t\t<a href='https:\/\/centralmedia.rs\/index.php\/2024\/05\/09\/sesti-vaskrsnji-koncert-hora-orkestra-i-folklornog-ansambla-fakulteta-pedagoskih-nauka\/vaskrsnji-koncert1\/'><img loading=\"lazy\" decoding=\"async\" width=\"150\" height=\"150\" src=\"https:\/\/centralmedia.rs\/wp-content\/uploads\/2024\/05\/vaskrsnji-koncert1-150x150.jpg\" class=\"attachment-thumbnail size-thumbnail\" alt=\"\" \/><\/a>\n\t\t\t<\/div><\/figure><figure class='gallery-item'>\n\t\t\t<div class='gallery-icon portrait'>\n\t\t\t\t<a href='https:\/\/centralmedia.rs\/index.php\/2024\/05\/09\/sesti-vaskrsnji-koncert-hora-orkestra-i-folklornog-ansambla-fakulteta-pedagoskih-nauka\/vaskrsnji-koncert2\/'><img loading=\"lazy\" decoding=\"async\" width=\"150\" height=\"150\" src=\"https:\/\/centralmedia.rs\/wp-content\/uploads\/2024\/05\/vaskrsnji-koncert2-150x150.jpg\" class=\"attachment-thumbnail size-thumbnail\" alt=\"\" \/><\/a>\n\t\t\t<\/div><\/figure><figure class='gallery-item'>\n\t\t\t<div class='gallery-icon portrait'>\n\t\t\t\t<a href='https:\/\/centralmedia.rs\/index.php\/2024\/05\/09\/sesti-vaskrsnji-koncert-hora-orkestra-i-folklornog-ansambla-fakulteta-pedagoskih-nauka\/vaskrsnji-koncert3\/'><img loading=\"lazy\" decoding=\"async\" width=\"150\" height=\"150\" src=\"https:\/\/centralmedia.rs\/wp-content\/uploads\/2024\/05\/vaskrsnji-koncert3-150x150.jpg\" class=\"attachment-thumbnail size-thumbnail\" alt=\"\" \/><\/a>\n\t\t\t<\/div><\/figure><figure class='gallery-item'>\n\t\t\t<div class='gallery-icon landscape'>\n\t\t\t\t<a href='https:\/\/centralmedia.rs\/index.php\/2024\/05\/09\/sesti-vaskrsnji-koncert-hora-orkestra-i-folklornog-ansambla-fakulteta-pedagoskih-nauka\/vaskrsnji-koncert4\/'><img loading=\"lazy\" decoding=\"async\" width=\"150\" height=\"150\" src=\"https:\/\/centralmedia.rs\/wp-content\/uploads\/2024\/05\/vaskrsnji-koncert4-150x150.jpg\" class=\"attachment-thumbnail size-thumbnail\" alt=\"\" \/><\/a>\n\t\t\t<\/div><\/figure><figure class='gallery-item'>\n\t\t\t<div class='gallery-icon landscape'>\n\t\t\t\t<a href='https:\/\/centralmedia.rs\/index.php\/2024\/05\/09\/sesti-vaskrsnji-koncert-hora-orkestra-i-folklornog-ansambla-fakulteta-pedagoskih-nauka\/vaskrsnji-koncert\/'><img loading=\"lazy\" decoding=\"async\" width=\"150\" height=\"150\" src=\"https:\/\/centralmedia.rs\/wp-content\/uploads\/2024\/05\/vaskrsnji-koncert-150x150.jpg\" class=\"attachment-thumbnail size-thumbnail\" alt=\"\" \/><\/a>\n\t\t\t<\/div><\/figure>\n\t\t<\/div>\n\n<p>Specijalni gost koncerta bio je hor Ramonda, pri udru\u017eenju \u201dKablovi\u201d, pod rukovodstvom profesora Sr\u0111ana Petrovi\u0107a.<\/p>\n","protected":false},"excerpt":{"rendered":"<p>&nbsp; \u0160esti vaskr\u0161nji koncert hora, orkestra i folklornog ansambla Fakulteta pedago\u0161kih nauka u Jagodini odr\u017ean je sino\u0107. Publika je imala priliku da \u010duje raznovrstan program &hellip; <\/p>\n","protected":false},"author":2,"featured_media":38341,"comment_status":"open","ping_status":"open","sticky":false,"template":"","format":"standard","meta":{"footnotes":""},"categories":[1524,2,1514,15,12],"tags":[2531,58,6506],"_links":{"self":[{"href":"https:\/\/centralmedia.rs\/index.php\/wp-json\/wp\/v2\/posts\/38340"}],"collection":[{"href":"https:\/\/centralmedia.rs\/index.php\/wp-json\/wp\/v2\/posts"}],"about":[{"href":"https:\/\/centralmedia.rs\/index.php\/wp-json\/wp\/v2\/types\/post"}],"author":[{"embeddable":true,"href":"https:\/\/centralmedia.rs\/index.php\/wp-json\/wp\/v2\/users\/2"}],"replies":[{"embeddable":true,"href":"https:\/\/centralmedia.rs\/index.php\/wp-json\/wp\/v2\/comments?post=38340"}],"version-history":[{"count":1,"href":"https:\/\/centralmedia.rs\/index.php\/wp-json\/wp\/v2\/posts\/38340\/revisions"}],"predecessor-version":[{"id":38346,"href":"https:\/\/centralmedia.rs\/index.php\/wp-json\/wp\/v2\/posts\/38340\/revisions\/38346"}],"wp:featuredmedia":[{"embeddable":true,"href":"https:\/\/centralmedia.rs\/index.php\/wp-json\/wp\/v2\/media\/38341"}],"wp:attachment":[{"href":"https:\/\/centralmedia.rs\/index.php\/wp-json\/wp\/v2\/media?parent=38340"}],"wp:term":[{"taxonomy":"category","embeddable":true,"href":"https:\/\/centralmedia.rs\/index.php\/wp-json\/wp\/v2\/categories?post=38340"},{"taxonomy":"post_tag","embeddable":true,"href":"https:\/\/centralmedia.rs\/index.php\/wp-json\/wp\/v2\/tags?post=38340"}],"curies":[{"name":"wp","href":"https:\/\/api.w.org\/{rel}","templated":true}]}}